{"id":10668,"date":"2017-04-09T12:10:19","date_gmt":"2017-04-09T17:10:19","guid":{"rendered":"http:\/\/radionoticiascasanare.com\/inicio\/?p=10668"},"modified":"2017-04-09T12:10:19","modified_gmt":"2017-04-09T17:10:19","slug":"valeria-rivas-gano-tres-medallas-de-plata-para-colombia-en-el-mundial-de-pesas-sub-17","status":"publish","type":"post","link":"https:\/\/radionoticiascasanare.com\/inicio\/valeria-rivas-gano-tres-medallas-de-plata-para-colombia-en-el-mundial-de-pesas-sub-17\/","title":{"rendered":"Valeria Rivas gan\u00f3 tres medallas de plata para Colombia en el Mundial de Pesas Sub 17"},"content":{"rendered":"<figure id=\"attachment_10669\" aria-describedby=\"caption-attachment-10669\" style=\"width: 301px\" class=\"wp-caption alignleft\"><img fetchpriority=\"high\" decoding=\"async\" class=\" wp-image-10669\" src=\"http:\/\/radionoticiascasanare.com\/inicio\/wp-content\/uploads\/2017\/04\/mundial_de_pesas.jpg\" alt=\"\" width=\"301\" height=\"200\" \/><figcaption id=\"caption-attachment-10669\" class=\"wp-caption-text\">Mcl deportes-ElEspectador.com<\/figcaption><\/figure>\n<p>Este domingo, Colombia volvi\u00f3 al podio del <strong>Campeonato Mundial Sub-17 de Levantamiento de Pesas<\/strong>, donde el pa\u00eds ha brillado desde el comienzo.<\/p>\n<p>La encargada de esta haza\u00f1a fue <strong>Valeria Rivas<\/strong>, quien logr\u00f3 conseguir tres medallas de plata en la jornada de este domingo.<\/p>\n<p>La colombiana se colg\u00f3 la primera presea con <strong>95 kilogramos<\/strong> en el arranque, en el envi\u00f3n con <strong>114<\/strong>, y la \u00faltima medalla en el total, con <strong>209<\/strong> kilogramos, en la categor\u00eda de los <strong>69<\/strong>.<\/p>\n<p>El oro qued\u00f3 en manos de la ecuatoriana <strong>Angie Palacios<\/strong> y el bronce fue para la <strong>kazaja Karina Kuzbanyaeva.\u00a0<\/strong><\/p>\n<p>Con esta medalla, <strong>Colombia<\/strong> suma una medalla de oro y seis de plata.<\/p>\n<p>A las 9:00 p.m., otro colombiano compite, <strong>Armando Castro<\/strong> por la categor\u00eda de 94 kilogramos.<\/p>\n<p>Fuente y Fotograf\u00eda ElEspectador.com<\/p>\n","protected":false},"excerpt":{"rendered":"<p>Este domingo, Colombia volvi\u00f3 al podio del Campeonato Mundial Sub-17 de Levantamiento de Pesas, donde el pa\u00eds ha brillado desde el comienzo. La encargada de esta haza\u00f1a fue Valeria Rivas, quien logr\u00f3 conseguir tres medallas de plata en la jornada de este domingo. La colombiana se colg\u00f3 la primera presea con 95 kilogramos en el [&hellip;]<\/p>\n","protected":false},"author":1,"featured_media":0,"comment_status":"closed","ping_status":"closed","sticky":false,"template":"","format":"standard","meta":{"footnotes":""},"categories":[56],"tags":[3728,348,2713,3729,238,3730],"class_list":["post-10668","post","type-post","status-publish","format-standard","hentry","category-deportes","tag-campeonato-mundial-sub-17","tag-deportes","tag-levantamiento-de-pesas","tag-medalla-de-plata","tag-radio-noticias-casanare","tag-valeria-rivas"],"_links":{"self":[{"href":"https:\/\/radionoticiascasanare.com\/inicio\/wp-json\/wp\/v2\/posts\/10668","targetHints":{"allow":["GET"]}}],"collection":[{"href":"https:\/\/radionoticiascasanare.com\/inicio\/wp-json\/wp\/v2\/posts"}],"about":[{"href":"https:\/\/radionoticiascasanare.com\/inicio\/wp-json\/wp\/v2\/types\/post"}],"author":[{"embeddable":true,"href":"https:\/\/radionoticiascasanare.com\/inicio\/wp-json\/wp\/v2\/users\/1"}],"replies":[{"embeddable":true,"href":"https:\/\/radionoticiascasanare.com\/inicio\/wp-json\/wp\/v2\/comments?post=10668"}],"version-history":[{"count":0,"href":"https:\/\/radionoticiascasanare.com\/inicio\/wp-json\/wp\/v2\/posts\/10668\/revisions"}],"wp:attachment":[{"href":"https:\/\/radionoticiascasanare.com\/inicio\/wp-json\/wp\/v2\/media?parent=10668"}],"wp:term":[{"taxonomy":"category","embeddable":true,"href":"https:\/\/radionoticiascasanare.com\/inicio\/wp-json\/wp\/v2\/categories?post=10668"},{"taxonomy":"post_tag","embeddable":true,"href":"https:\/\/radionoticiascasanare.com\/inicio\/wp-json\/wp\/v2\/tags?post=10668"}],"curies":[{"name":"wp","href":"https:\/\/api.w.org\/{rel}","templated":true}]}}