{"id":11689,"date":"2017-05-29T10:12:46","date_gmt":"2017-05-29T15:12:46","guid":{"rendered":"http:\/\/radionoticiascasanare.com\/inicio\/?p=11689"},"modified":"2017-05-29T10:12:46","modified_gmt":"2017-05-29T15:12:46","slug":"destruido-artefacto-explosivo-de-gran-poder-ubicado-en-eje-vial-de-arauca","status":"publish","type":"post","link":"https:\/\/radionoticiascasanare.com\/inicio\/destruido-artefacto-explosivo-de-gran-poder-ubicado-en-eje-vial-de-arauca\/","title":{"rendered":"Destruido artefacto explosivo de gran poder ubicado en eje vial de Arauca"},"content":{"rendered":"<p><img fetchpriority=\"high\" decoding=\"async\" class=\"wp-image-11690 alignleft\" src=\"http:\/\/radionoticiascasanare.com\/inicio\/wp-content\/uploads\/2017\/05\/FOTO-1.jpg\" alt=\"\" width=\"300\" height=\"169\" \/>Tropas del Ej\u00e9rcito Nacional ubicadas\u00a0en el departamento de Arauca combaten continuamente el accionar de los grupos armados organizados ilegales que en la regi\u00f3n llanera se encuentran.<\/p>\n<p>Es as\u00ed como a trav\u00e9s del desarrollo de operaciones de acciones ofensivas realizadas en la vereda Palmarito, en el municipio de Fortul, detectan un artefacto explosivo improvisado, el cual estaba envasado en un recipiente met\u00e1lico en forma de cilindro, con una carga de dos kilos de explosivo; este enemigo silencioso contaba con dispositivo de activaci\u00f3n por iniciaci\u00f3n el\u00e9ctrica.<\/p>\n<p>Gracias al Equipo de Explosivos y Demoliciones, Exde, a trav\u00e9s del uso de los protocolos establecidos, se desactiv\u00f3 este artefacto, sin generar da\u00f1os colaterales al medio ambiente, a la poblaci\u00f3n civil que reside cerca a este lugar y a la Fuerza P\u00fablica que se encuentra velando por la seguridad del sector.<\/p>\n<p>La ubicaci\u00f3n de esta explosivo se le atribuye a la comisi\u00f3n Omaira Montoya Henao del frente Domingo La\u00edn S\u00e1enz del Eln, quienes delinquen en este sector del Departamento.<\/p>\n<p>En lo corrido del a\u00f1o, la Fuerza de Tarea Quir\u00f3n ha logrado la ubicaci\u00f3n y posterior neutralizaci\u00f3n sin ocasionar da\u00f1os colaterales de 334 artefactos explosivos improvisados ubicados de manera indiscriminada en la regi\u00f3n llanera por parte de los grupos al margen de la ley.<\/p>\n<p>Fuente y Fotograf\u00eda Octava divisi\u00f3n del Ej\u00e9rcito<\/p>\n","protected":false},"excerpt":{"rendered":"<p>Tropas del Ej\u00e9rcito Nacional ubicadas\u00a0en el departamento de Arauca combaten continuamente el accionar de los grupos armados organizados ilegales que en la regi\u00f3n llanera se encuentran. Es as\u00ed como a trav\u00e9s del desarrollo de operaciones de acciones ofensivas realizadas en la vereda Palmarito, en el municipio de Fortul, detectan un artefacto explosivo improvisado, el cual [&hellip;]<\/p>\n","protected":false},"author":1,"featured_media":0,"comment_status":"closed","ping_status":"closed","sticky":false,"template":"","format":"standard","meta":{"footnotes":""},"categories":[132],"tags":[128,4183,2254,1532,238,4184],"class_list":["post-11689","post","type-post","status-publish","format-standard","hentry","category-orinoquia","tag-arauca","tag-desactivan-artefactos-explosivos","tag-fortul","tag-orinoquia","tag-radio-noticias-casanare","tag-vereda-palmarito"],"_links":{"self":[{"href":"https:\/\/radionoticiascasanare.com\/inicio\/wp-json\/wp\/v2\/posts\/11689","targetHints":{"allow":["GET"]}}],"collection":[{"href":"https:\/\/radionoticiascasanare.com\/inicio\/wp-json\/wp\/v2\/posts"}],"about":[{"href":"https:\/\/radionoticiascasanare.com\/inicio\/wp-json\/wp\/v2\/types\/post"}],"author":[{"embeddable":true,"href":"https:\/\/radionoticiascasanare.com\/inicio\/wp-json\/wp\/v2\/users\/1"}],"replies":[{"embeddable":true,"href":"https:\/\/radionoticiascasanare.com\/inicio\/wp-json\/wp\/v2\/comments?post=11689"}],"version-history":[{"count":0,"href":"https:\/\/radionoticiascasanare.com\/inicio\/wp-json\/wp\/v2\/posts\/11689\/revisions"}],"wp:attachment":[{"href":"https:\/\/radionoticiascasanare.com\/inicio\/wp-json\/wp\/v2\/media?parent=11689"}],"wp:term":[{"taxonomy":"category","embeddable":true,"href":"https:\/\/radionoticiascasanare.com\/inicio\/wp-json\/wp\/v2\/categories?post=11689"},{"taxonomy":"post_tag","embeddable":true,"href":"https:\/\/radionoticiascasanare.com\/inicio\/wp-json\/wp\/v2\/tags?post=11689"}],"curies":[{"name":"wp","href":"https:\/\/api.w.org\/{rel}","templated":true}]}}