{"id":12955,"date":"2017-08-24T00:18:02","date_gmt":"2017-08-24T05:18:02","guid":{"rendered":"http:\/\/radionoticiascasanare.com\/inicio\/?p=12955"},"modified":"2017-08-24T00:18:02","modified_gmt":"2017-08-24T05:18:02","slug":"nuevo-capitulo-en-la-historia-en-la-que-se-busca-construir-sede-para-la-uptc-en-aguazul","status":"publish","type":"post","link":"https:\/\/radionoticiascasanare.com\/inicio\/nuevo-capitulo-en-la-historia-en-la-que-se-busca-construir-sede-para-la-uptc-en-aguazul\/","title":{"rendered":"Nuevo cap\u00edtulo en la historia en la que se busca construir sede para la Uptc en Aguazul"},"content":{"rendered":"<p class=\"m_6538835713236952821gmail-MsoListParagraphCxSpFirst\"><img decoding=\"async\" class=\"wp-image-12956 alignleft\" src=\"http:\/\/radionoticiascasanare.com\/inicio\/wp-content\/uploads\/2017\/08\/concejo-de-aguazul.jpg\" alt=\"\" width=\"231\" height=\"116\" \/>Se abre una nueva controversia frente al proyecto de la sede de la Uptc en el Parque del Arroz despu\u00e9s de conocer el concepto de Planeaci\u00f3n Departamental, la argumentaci\u00f3n de la Alcald\u00eda de Aguazul, las razones de los concejales, los planteamientos de la dirigencia y los requerimientos de la comunidad que exige acciones concretas y a corto plazo para evitar seguir dilatando un proyecto fundamental para el municipio.<\/p>\n<p class=\"m_6538835713236952821gmail-MsoListParagraphCxSpMiddle\">El Concepto de Planeaci\u00f3n Departamental sobre cambio uso de destinaci\u00f3n de suelo aleja la posibilidad de construir la sede de la UPTC en el Parque del Arroz en Aguazul y obliga a estudiar otras opciones debido a que el terreno fue declarado en el Plan de Ordenamiento Territorial como espacio p\u00fablico que hace parte de la estructura econ\u00f3mica principal y urbana del Esquema.<\/p>\n<p class=\"m_6538835713236952821gmail-MsoListParagraphCxSpMiddle\">El Ingeniero Jos\u00e9 Abel Ladino afirm\u00f3 en su explicaci\u00f3n que a corto y mediano plazo cambiarle de destinaci\u00f3n es muy complejo porque tendr\u00eda que surtir un nuevo esquema territorial o cumplir por lo menos 12 a\u00f1os de haberse aprobado el POT para incorporar alguna modificaci\u00f3n.<\/p>\n<p class=\"m_6538835713236952821gmail-MsoListParagraphCxSpMiddle\">En la mesa de trabajo que desarroll\u00f3 el Concejo de Aguazul, el Secretario de Planeaci\u00f3n Municipal, ingeniero Jorge Bernal indic\u00f3 que seg\u00fan el Plan de Ordenamiento Territorial Si se puede desarrollar porque el uso en el sector del Parque del Arroz es Institucional, lo que seg\u00fan el funcionario se puede ejecutar la construcci\u00f3n de la sede Universitaria.<\/p>\n<p class=\"m_6538835713236952821gmail-MsoListParagraphCxSpMiddle\">El Ingeniero Bernal precis\u00f3 que cuenta con la documentaci\u00f3n y argumentaci\u00f3n para desarrollar ese tipo de iniciativas en el Parque del Arroz e insisti\u00f3 que hay que tomar decisiones pol\u00edticas en un territorio que es responsabilidad del Alcalde cumpliendo las normas y las leyes.<\/p>\n<p class=\"m_6538835713236952821gmail-MsoListParagraphCxSpMiddle\">En la mesa de trabajo que desarroll\u00f3 el Concejo de Aguazul se escucharon voces de apoyo a construir en el Parque del arroz y no dilatar m\u00e1s una iniciativa que requiere urgentemente el municipio mientras que tambi\u00e9n hubo otras solicitando propuestas diferentes para construir la sede de la UPTC en otros puntos de la capital arrocera debido a que su naturaleza impide realizar el proyecto universitario.<\/p>\n<p class=\"m_6538835713236952821gmail-MsoListParagraphCxSpMiddle\">Los Concejales de Aguazul coincidieron que la mesa de trabajo con funcionarios de Planeaci\u00f3n Departamental no ten\u00eda otro concepto que establecer la viabilidad jur\u00eddica y t\u00e9cnica del proyecto de acuerdo para establecer la sede de la Uptc.<\/p>\n<p class=\"m_6538835713236952821gmail-MsoListParagraphCxSpMiddle\">No m\u00e1s pulsos pol\u00edticos ni rencillas entre dirigentes frente a un proyecto que requiere con urgencia Aguazul asever\u00f3 la l\u00edder comunal Navija Navarro, quien requiri\u00f3 a la dirigencia apoyar un proyecto acorde con el ordenamiento jur\u00eddico y territorial pero teniendo en cuenta la necesidad de la comunidad en lo educativo, social y econ\u00f3mico.<\/p>\n<p>Fuente y Fotograf\u00eda Radio Noticias Casanare<\/p>\n","protected":false},"excerpt":{"rendered":"<p>Se abre una nueva controversia frente al proyecto de la sede de la Uptc en el Parque del Arroz despu\u00e9s de conocer el concepto de Planeaci\u00f3n Departamental, la argumentaci\u00f3n de la Alcald\u00eda de Aguazul, las razones de los concejales, los planteamientos de la dirigencia y los requerimientos de la comunidad que exige acciones concretas y [&hellip;]<\/p>\n","protected":false},"author":1,"featured_media":0,"comment_status":"closed","ping_status":"closed","sticky":false,"template":"","format":"standard","meta":{"footnotes":""},"categories":[2,66],"tags":[616,3,1095,4790,2472,238,324],"class_list":["post-12955","post","type-post","status-publish","format-standard","hentry","category-casanare","category-destacadas","tag-alcaldia-de-aguazul","tag-casanare","tag-concejo-de-aguazul","tag-parque-del-arroz","tag-planeacion-departamental","tag-radio-noticias-casanare","tag-uptc"],"_links":{"self":[{"href":"https:\/\/radionoticiascasanare.com\/inicio\/wp-json\/wp\/v2\/posts\/12955","targetHints":{"allow":["GET"]}}],"collection":[{"href":"https:\/\/radionoticiascasanare.com\/inicio\/wp-json\/wp\/v2\/posts"}],"about":[{"href":"https:\/\/radionoticiascasanare.com\/inicio\/wp-json\/wp\/v2\/types\/post"}],"author":[{"embeddable":true,"href":"https:\/\/radionoticiascasanare.com\/inicio\/wp-json\/wp\/v2\/users\/1"}],"replies":[{"embeddable":true,"href":"https:\/\/radionoticiascasanare.com\/inicio\/wp-json\/wp\/v2\/comments?post=12955"}],"version-history":[{"count":0,"href":"https:\/\/radionoticiascasanare.com\/inicio\/wp-json\/wp\/v2\/posts\/12955\/revisions"}],"wp:attachment":[{"href":"https:\/\/radionoticiascasanare.com\/inicio\/wp-json\/wp\/v2\/media?parent=12955"}],"wp:term":[{"taxonomy":"category","embeddable":true,"href":"https:\/\/radionoticiascasanare.com\/inicio\/wp-json\/wp\/v2\/categories?post=12955"},{"taxonomy":"post_tag","embeddable":true,"href":"https:\/\/radionoticiascasanare.com\/inicio\/wp-json\/wp\/v2\/tags?post=12955"}],"curies":[{"name":"wp","href":"https:\/\/api.w.org\/{rel}","templated":true}]}}