{"id":14910,"date":"2018-01-26T11:37:23","date_gmt":"2018-01-26T16:37:23","guid":{"rendered":"http:\/\/radionoticiascasanare.com\/inicio\/?p=14910"},"modified":"2018-01-26T11:37:23","modified_gmt":"2018-01-26T16:37:23","slug":"el-adios-del-hermano-mayor-alejandro-falla-anuncio-su-retiro-del-tenis","status":"publish","type":"post","link":"https:\/\/radionoticiascasanare.com\/inicio\/el-adios-del-hermano-mayor-alejandro-falla-anuncio-su-retiro-del-tenis\/","title":{"rendered":"El adi\u00f3s del hermano mayor: Alejandro Falla anunci\u00f3 su retiro del tenis"},"content":{"rendered":"<figure id=\"attachment_14911\" aria-describedby=\"caption-attachment-14911\" style=\"width: 302px\" class=\"wp-caption alignleft\"><img fetchpriority=\"high\" decoding=\"async\" class=\" wp-image-14911\" src=\"http:\/\/radionoticiascasanare.com\/inicio\/wp-content\/uploads\/2018\/01\/falla.jpg\" alt=\"\" width=\"302\" height=\"201\" \/><figcaption id=\"caption-attachment-14911\" class=\"wp-caption-text\">Colsanitas-ElEspectador.com<\/figcaption><\/figure>\n<p>Una ma\u00f1ana agridulce. En la madrugada de este\u00a0jueves,<strong>\u00a0Robert Farah y Juan Sebasti\u00e1n Cabal\u00a0<\/strong>se instalaron en la final del torneo de dobles masculino del Abierto de Australia. Y un par de horas despu\u00e9s,\u00a0<strong>Alejandro Falla<\/strong>\u00a0\u201cel hermano mayor\u201d de la camada de tenistas colombianos,\u00a0<strong>anunci\u00f3 a sus 34 a\u00f1os su retiro del tenis profesional.<\/strong><\/p>\n<p>Sentado, junto a\u00a0<strong>Felipe Ber\u00f3n<\/strong>, su entrenador del Equipo Colsanitas, con su gorra apuntando al piso en un acto de rebeld\u00eda hacia el \u00a0rigor del tiempo consumado, confirm\u00f3 que las dos d\u00e9cadas de traj\u00edn en las canchas de c\u00e9sped, cemento y polvo de ladrillo han llegado a su punto final. Espera su segundo hijo. Pero su historia no acaba aqu\u00ed: seguir\u00e1 trabajando con Colsanitas y ser\u00e1 el mentor de las nuevas generaciones. Otra vez, seguir\u00e1 vestido en la piel del hermano mayor.<\/p>\n<p>\u201cQuiero empezar mand\u00e1ndole mis felicitaciones a Robert y a Sebas. Estoy muy feliz por ellos, son mi familia y les deseo lo mejor.<strong>\u00a0Hoy es un d\u00eda triste para m\u00ed. Me despido cumpliendo todos esos sue\u00f1os que parec\u00edan imposibles de ni\u00f1o. Lo di todo, gracias a los que creyeron en m\u00ed. Y me voy tranquilo de saber que ayud\u00e9 a que Colombia tuviera \u00a0un lugar en el tenis mundial<\/strong>\u201d, dijo Falla roto en llanto. &#8220;A veces la prensa fue muy dura conmigo.\u00a0Siempre recib\u00ed las cr\u00edticas de buena forma.<strong>\u00a0Pero creo que los colombianos tenemos que aprender algo. Con la misma facilidad que nos suben a la cima nos bajan cuando las cosas no salen como la gente quiere<\/strong>&#8220;, agreg\u00f3.<\/p>\n<p>Prosigui\u00f3 Felipe, su entrenador. Silencio, a veces la circunspecci\u00f3n habla m\u00e1s fuerte que las palabras. Un nudo en el est\u00f3mago, voz quebrada. Lo conoci\u00f3 de ni\u00f1o y lo despide como una leyenda del tenis colombiano.\u00a0<strong>\u201cS\u00f3lo puedo decir que estoy muy orgulloso de \u00e9l (pausa). Es un gran ser humano. Va a ser muy exitoso en todo lo que venga<\/strong>\u201d, destac\u00f3 con su voz paternal.<\/p>\n<p>Y despu\u00e9s se par\u00f3\u00a0<strong>Santiago Giraldo<\/strong>, su compa\u00f1ero, amigo y hermano.<strong>\u201cEs y ser\u00e1 nuestro l\u00edder natural. Una persona noble, tranquila y con una calidez humana impresionante. Hablo por todos los jugadores: siempre fue un ejemplo y nuestro hermano mayor\u201d<\/strong>, se\u00f1al\u00f3 el pereirano, quien con 10 a\u00f1os sigui\u00f3 los pasos de un Alejandro Falla, que con 14 ya se abr\u00eda campo en el tenis \u00a0profesional. \u201c<strong>Nos esc\u00e1p\u00e1bamos de peque\u00f1os. Recuerdo en Australia cuando yo ten\u00eda 17 y \u00e9l 21 y ten\u00edamos un entrenador que no nos dejaba salir. Alejo era el estratega, cuadraba todo y cuando \u00e9l se dorm\u00eda, nos esc\u00e1pabamos&#8221;<\/strong>, agreg\u00f3 entre risas de quien tambi\u00e9n fue su c\u00f3mplice. Esa, otra de las funciones de los hermanos mayores.<\/p>\n<p>El mismo que reactiv\u00f3 la presencia del pa\u00eds en los Grand Slam. Fue el primer colombiano, desde\u00a0<strong>Mauricio Hadad<\/strong>\u00a0en 1996, en meterse en el grupo de los 100 mejores tenistas del mundo.\u00a0<strong>Su mejor puesto en el escalaf\u00f3n fue el 48<\/strong>\u00a0(julio de 2012). Recordar\u00e1 para siempre c\u00f3mo en primera ronda de Wimbledon 2004 puso entre las cuerdas a\u00a0<strong>Roger Federe<\/strong>r, campe\u00f3n defensor. El mejor tenista de la historia perdi\u00f3 los dos primeros dos sets y levant\u00f3 los saques para partido que tuvo el zurdo vallecaucano. Ganador de 13 torneos Challenger y subcampe\u00f3n de dos ATP.<\/p>\n<p>El colombiano con mayor n\u00famero de triunfos sobre jugadores top 10 del mundo (Davydenko, Haas, Fish, Isner y Fish) por nombrar algunos. All\u00e1, a 16 horas de diferencia en Melbourne (Australia), Juan Sebasti\u00e1n Cabal y Robert Farah buscar\u00e1n este s\u00e1bado levantar la copa del primer Grand Slam del a\u00f1o en dedicaci\u00f3n a su hermano mayor.<strong>\u00a0Alejo, contigo empez\u00f3 todo&#8230;<\/strong><\/p>\n<p>Fuente y Fotograf\u00eda ElEspectador.com<\/p>\n","protected":false},"excerpt":{"rendered":"<p>Una ma\u00f1ana agridulce. En la madrugada de este\u00a0jueves,\u00a0Robert Farah y Juan Sebasti\u00e1n Cabal\u00a0se instalaron en la final del torneo de dobles masculino del Abierto de Australia. Y un par de horas despu\u00e9s,\u00a0Alejandro Falla\u00a0\u201cel hermano mayor\u201d de la camada de tenistas colombianos,\u00a0anunci\u00f3 a sus 34 a\u00f1os su retiro del tenis profesional. Sentado, junto a\u00a0Felipe Ber\u00f3n, su [&hellip;]<\/p>\n","protected":false},"author":1,"featured_media":0,"comment_status":"closed","ping_status":"closed","sticky":false,"template":"","format":"standard","meta":{"footnotes":""},"categories":[56],"tags":[5439,348,238,5440,495],"class_list":["post-14910","post","type-post","status-publish","format-standard","hentry","category-deportes","tag-alejandro-falla","tag-deportes","tag-radio-noticias-casanare","tag-retiro","tag-tenis"],"_links":{"self":[{"href":"https:\/\/radionoticiascasanare.com\/inicio\/wp-json\/wp\/v2\/posts\/14910","targetHints":{"allow":["GET"]}}],"collection":[{"href":"https:\/\/radionoticiascasanare.com\/inicio\/wp-json\/wp\/v2\/posts"}],"about":[{"href":"https:\/\/radionoticiascasanare.com\/inicio\/wp-json\/wp\/v2\/types\/post"}],"author":[{"embeddable":true,"href":"https:\/\/radionoticiascasanare.com\/inicio\/wp-json\/wp\/v2\/users\/1"}],"replies":[{"embeddable":true,"href":"https:\/\/radionoticiascasanare.com\/inicio\/wp-json\/wp\/v2\/comments?post=14910"}],"version-history":[{"count":0,"href":"https:\/\/radionoticiascasanare.com\/inicio\/wp-json\/wp\/v2\/posts\/14910\/revisions"}],"wp:attachment":[{"href":"https:\/\/radionoticiascasanare.com\/inicio\/wp-json\/wp\/v2\/media?parent=14910"}],"wp:term":[{"taxonomy":"category","embeddable":true,"href":"https:\/\/radionoticiascasanare.com\/inicio\/wp-json\/wp\/v2\/categories?post=14910"},{"taxonomy":"post_tag","embeddable":true,"href":"https:\/\/radionoticiascasanare.com\/inicio\/wp-json\/wp\/v2\/tags?post=14910"}],"curies":[{"name":"wp","href":"https:\/\/api.w.org\/{rel}","templated":true}]}}