{"id":15332,"date":"2018-02-21T12:17:06","date_gmt":"2018-02-21T17:17:06","guid":{"rendered":"http:\/\/radionoticiascasanare.com\/inicio\/?p=15332"},"modified":"2018-02-21T12:17:06","modified_gmt":"2018-02-21T17:17:06","slug":"departamento-administrativo-de-planeacion-realizo-jornada-de-capacitacion-para-el-fortalecimiento-de-politicas-publicas","status":"publish","type":"post","link":"https:\/\/radionoticiascasanare.com\/inicio\/departamento-administrativo-de-planeacion-realizo-jornada-de-capacitacion-para-el-fortalecimiento-de-politicas-publicas\/","title":{"rendered":"Departamento Administrativo de Planeaci\u00f3n realiz\u00f3 jornada de capacitaci\u00f3n para el \u00a0fortalecimiento de pol\u00edticas p\u00fablicas"},"content":{"rendered":"<p><img fetchpriority=\"high\" decoding=\"async\" class=\"wp-image-15333 alignleft\" src=\"http:\/\/radionoticiascasanare.com\/inicio\/wp-content\/uploads\/2018\/02\/Politica_Social-1.jpeg\" alt=\"\" width=\"299\" height=\"200\" \/>La Direcci\u00f3n T\u00e9cnica de Pol\u00edtica Sectorial del Departamento Administrativo de Planeaci\u00f3n realiz\u00f3 una jornada de capacitaci\u00f3n en aras del fortalecimiento sobre pol\u00edticas p\u00fablicas, a la cual asistieron los secretarios de despacho de los 19 municipios del departamento.<\/p>\n<p>En el encuentro se trabajaron temas relacionados a la primera infancia, infancia, adolescencia, juventud, familia, mujer, LGBTI, adulto Mayor, habitante de calle, afrocolombianos, ind\u00edgenas, discapacidad, v\u00edctimas del conflicto, procesos de reintegraci\u00f3n, seguridad alimentaria, embarazo en adolescentes, trabajo infantil, convivencia escolar y sustancias psicoactivas.<\/p>\n<p>De esta manera se buscan fortalecer y crear estrategias para el seguimiento y evaluaci\u00f3n de las pol\u00edticas p\u00fablicas sociales y funcionamiento de los Consejos de Pol\u00edtica Social.<\/p>\n<p>Fuente y Fotograf\u00eda Gobernaci\u00f3n de Casanare<\/p>\n","protected":false},"excerpt":{"rendered":"<p>La Direcci\u00f3n T\u00e9cnica de Pol\u00edtica Sectorial del Departamento Administrativo de Planeaci\u00f3n realiz\u00f3 una jornada de capacitaci\u00f3n en aras del fortalecimiento sobre pol\u00edticas p\u00fablicas, a la cual asistieron los secretarios de despacho de los 19 municipios del departamento. En el encuentro se trabajaron temas relacionados a la primera infancia, infancia, adolescencia, juventud, familia, mujer, LGBTI, adulto [&hellip;]<\/p>\n","protected":false},"author":1,"featured_media":0,"comment_status":"closed","ping_status":"closed","sticky":false,"template":"","format":"standard","meta":{"footnotes":""},"categories":[2,66],"tags":[807,426,2185,3,5635,1566,720,5636,5637,3898,1403,809,1896,5638,2916,5639,1724,5640,238,5560,621,1725,2210,16],"class_list":["post-15332","post","type-post","status-publish","format-standard","hentry","category-casanare","category-destacadas","tag-adolescencia","tag-adulto-mayor","tag-afrocolombianos","tag-casanare","tag-convivencia-escolar","tag-departamento-administrativo-de-planeacion","tag-discapacidad","tag-embarazo-en-adolescentes","tag-familia","tag-habitante-de-calle","tag-indigenas","tag-infancia","tag-juventud","tag-lgbti","tag-mujer","tag-politicas-publicas","tag-primera-infancia","tag-procesos-de-reintegracion","tag-radio-noticias-casanare","tag-seguridad-alimentaria","tag-sustancias-psicoactivas","tag-trabajo-infantil","tag-victimas-del-conflicto","tag-yopal"],"_links":{"self":[{"href":"https:\/\/radionoticiascasanare.com\/inicio\/wp-json\/wp\/v2\/posts\/15332","targetHints":{"allow":["GET"]}}],"collection":[{"href":"https:\/\/radionoticiascasanare.com\/inicio\/wp-json\/wp\/v2\/posts"}],"about":[{"href":"https:\/\/radionoticiascasanare.com\/inicio\/wp-json\/wp\/v2\/types\/post"}],"author":[{"embeddable":true,"href":"https:\/\/radionoticiascasanare.com\/inicio\/wp-json\/wp\/v2\/users\/1"}],"replies":[{"embeddable":true,"href":"https:\/\/radionoticiascasanare.com\/inicio\/wp-json\/wp\/v2\/comments?post=15332"}],"version-history":[{"count":0,"href":"https:\/\/radionoticiascasanare.com\/inicio\/wp-json\/wp\/v2\/posts\/15332\/revisions"}],"wp:attachment":[{"href":"https:\/\/radionoticiascasanare.com\/inicio\/wp-json\/wp\/v2\/media?parent=15332"}],"wp:term":[{"taxonomy":"category","embeddable":true,"href":"https:\/\/radionoticiascasanare.com\/inicio\/wp-json\/wp\/v2\/categories?post=15332"},{"taxonomy":"post_tag","embeddable":true,"href":"https:\/\/radionoticiascasanare.com\/inicio\/wp-json\/wp\/v2\/tags?post=15332"}],"curies":[{"name":"wp","href":"https:\/\/api.w.org\/{rel}","templated":true}]}}