{"id":16333,"date":"2018-04-25T08:44:50","date_gmt":"2018-04-25T13:44:50","guid":{"rendered":"http:\/\/radionoticiascasanare.com\/inicio\/?p=16333"},"modified":"2018-04-25T08:44:50","modified_gmt":"2018-04-25T13:44:50","slug":"concejo-de-yopal-realizo-debate-de-control-politico-a-las-entidades-encargadas-del-centro-comercial-la-herradura","status":"publish","type":"post","link":"https:\/\/radionoticiascasanare.com\/inicio\/concejo-de-yopal-realizo-debate-de-control-politico-a-las-entidades-encargadas-del-centro-comercial-la-herradura\/","title":{"rendered":"Concejo de Yopal realiz\u00f3 debate de control pol\u00edtico a las entidades encargadas del centro comercial \u201cla herradura\u201d"},"content":{"rendered":"<p><img fetchpriority=\"high\" decoding=\"async\" class=\"wp-image-16334 alignleft\" src=\"http:\/\/radionoticiascasanare.com\/inicio\/wp-content\/uploads\/2018\/04\/IDURY.jpg\" alt=\"\" width=\"297\" height=\"223\" \/>El concejo de Yopal realiz\u00f3 un debate de control pol\u00edtico a Ricardo Corso, Gerente del IDURY, \u00c1lvaro Enrique Camacho, Secretario de Desarrollo, Medio Ambiente y Turismo, Nelson Forero, Secretario de Hacienda Municipal y Miguel P\u00e9rez, Asesor Jur\u00eddico de la Alcald\u00eda Municipal, con el objetivo de dar respuesta a la situaci\u00f3n que presenta el centro comercial La Herradura y los vendedores informales, esto con base en quejas presentadas por la comunidad ante el Concejo Municipal de Yopal.<\/p>\n<p>El concejal Alexander Garc\u00eda, pidi\u00f3 a la administraci\u00f3n municipal una pronta soluci\u00f3n a la problem\u00e1tica que se viene presentando en el centro comercial, argument\u00f3:\u00a0<em>\u201cel centro comercial La Herradura esta ad portas de caerse, los comerciantes est\u00e1n trabajando en condiciones infrahumanas, no cuentan con servicios p\u00fablicos, necesitamos una pronta soluci\u00f3n\u201d\u00a0<\/em>de igual modo, pidi\u00f3 al gerente del IDURY suspender los operativos de desalojo a los vendedores informales mientras se encuentra un lugar de reubicaci\u00f3n\u00a0\u00a0y con ello el censo para la creaci\u00f3n de un pol\u00edtica p\u00fablica que busque el bienestar de los comerciantes.<\/p>\n<p>Adicionalmente, el concejal Jos\u00e9 Luis Avenda\u00f1o Ortiz expuso ante la plenaria:\u00a0<em>\u201cla Secretar\u00eda de Desarrollo, Medio Ambiente y Turismo recibi\u00f3 la administraci\u00f3n del centro comercial La Herradura a pesar que el contrato inicial se hiciera con IDURY, pero en la actualidad no existe un contrato de arrendamiento que garantice la seguridad jur\u00eddica de los locales comerciales\u201d,\u00a0<\/em>pidi\u00f3 al gobierno municipal la pronta ejecuci\u00f3n de los nuevos contratos de arrendamiento con el objetivo de\u00a0\u00a0utilizar esos recursos para empezar a subsanar las necesidades presentadas por la comunidad.<\/p>\n<p>Los corporados hicieron \u00e9nfasis en la importancia de realizar mesas de trabajo\u00a0\u00a0entre los comerciantes y la administraci\u00f3n municipal para buscar estrategias en beneficio del centro comercial La Herradura y los vendedores informales.<\/p>\n<p>Fuente y Fotograf\u00eda Concejo de Yopal<\/p>\n","protected":false},"excerpt":{"rendered":"<p>El concejo de Yopal realiz\u00f3 un debate de control pol\u00edtico a Ricardo Corso, Gerente del IDURY, \u00c1lvaro Enrique Camacho, Secretario de Desarrollo, Medio Ambiente y Turismo, Nelson Forero, Secretario de Hacienda Municipal y Miguel P\u00e9rez, Asesor Jur\u00eddico de la Alcald\u00eda Municipal, con el objetivo de dar respuesta a la situaci\u00f3n que presenta el centro comercial [&hellip;]<\/p>\n","protected":false},"author":1,"featured_media":0,"comment_status":"closed","ping_status":"closed","sticky":false,"template":"","format":"standard","meta":{"footnotes":""},"categories":[2,66],"tags":[3,6050,3902,3524,6051,235,4088,238,1037,16],"class_list":["post-16333","post","type-post","status-publish","format-standard","hentry","category-casanare","category-destacadas","tag-casanare","tag-centro-comercial-la-herradura","tag-concejo-municipal-de-yopal","tag-debate-de-control-politico","tag-ecretaria-de-desarrollo","tag-idury","tag-medio-ambiente-y-turismo","tag-radio-noticias-casanare","tag-secretaria-de-hacienda","tag-yopal"],"_links":{"self":[{"href":"https:\/\/radionoticiascasanare.com\/inicio\/wp-json\/wp\/v2\/posts\/16333","targetHints":{"allow":["GET"]}}],"collection":[{"href":"https:\/\/radionoticiascasanare.com\/inicio\/wp-json\/wp\/v2\/posts"}],"about":[{"href":"https:\/\/radionoticiascasanare.com\/inicio\/wp-json\/wp\/v2\/types\/post"}],"author":[{"embeddable":true,"href":"https:\/\/radionoticiascasanare.com\/inicio\/wp-json\/wp\/v2\/users\/1"}],"replies":[{"embeddable":true,"href":"https:\/\/radionoticiascasanare.com\/inicio\/wp-json\/wp\/v2\/comments?post=16333"}],"version-history":[{"count":0,"href":"https:\/\/radionoticiascasanare.com\/inicio\/wp-json\/wp\/v2\/posts\/16333\/revisions"}],"wp:attachment":[{"href":"https:\/\/radionoticiascasanare.com\/inicio\/wp-json\/wp\/v2\/media?parent=16333"}],"wp:term":[{"taxonomy":"category","embeddable":true,"href":"https:\/\/radionoticiascasanare.com\/inicio\/wp-json\/wp\/v2\/categories?post=16333"},{"taxonomy":"post_tag","embeddable":true,"href":"https:\/\/radionoticiascasanare.com\/inicio\/wp-json\/wp\/v2\/tags?post=16333"}],"curies":[{"name":"wp","href":"https:\/\/api.w.org\/{rel}","templated":true}]}}