{"id":18285,"date":"2018-09-26T10:48:28","date_gmt":"2018-09-26T15:48:28","guid":{"rendered":"http:\/\/radionoticiascasanare.com\/inicio\/?p=18285"},"modified":"2018-09-26T10:48:28","modified_gmt":"2018-09-26T15:48:28","slug":"este-miercoles-jornada-de-caracterizacion-de-los-habitantes-de-calle-de-yopal","status":"publish","type":"post","link":"https:\/\/radionoticiascasanare.com\/inicio\/este-miercoles-jornada-de-caracterizacion-de-los-habitantes-de-calle-de-yopal\/","title":{"rendered":"Este mi\u00e9rcoles, jornada de caracterizaci\u00f3n de los habitantes de calle de Yopal"},"content":{"rendered":"<p style=\"font-weight: 400;\"><img fetchpriority=\"high\" decoding=\"async\" class=\"wp-image-18286 alignleft\" src=\"http:\/\/radionoticiascasanare.com\/inicio\/wp-content\/uploads\/2018\/09\/donaton-pro-censo-hab.jpg\" alt=\"\" width=\"279\" height=\"380\" \/>Este 26 de septiembre se realizar\u00e1 una jornada de atenci\u00f3n e identificaci\u00f3n de los habitantes de calle, liderada por la Alcald\u00eda de Yopal, en conjunto con las instituciones del Comit\u00e9 Municipal.<\/p>\n<p style=\"font-weight: 400;\">La actividad se llevar\u00e1 a cabo en el Coliseo 20 de Julio, desde la 1:00 de la tarde, donde recibir\u00e1n\u00a0 una oferta de servicios, incluyendo el tr\u00e1mite de c\u00e9dulas, lo que les permitir\u00e1 acceder a la atenci\u00f3n b\u00e1sica en salud que ordena la ley. Adem\u00e1s se busca facilitar el regreso a sus lugares de origen a quienes sea posible.<\/p>\n<p style=\"font-weight: 400;\">As\u00ed lo reiter\u00f3 el secretario de Salud Municipal, Juan Francisco Amaya Vargas, quien agradeci\u00f3 la solidaridad de varias entidades e instituciones educativas que han hecho donaciones de ropa y \u00fatiles de aseo, que son necesarios para la jornada. Igualmente invit\u00f3 a la comunidad a seguir aportando a esta causa.<\/p>\n<p style=\"font-weight: 400;\">A esta jornada tambi\u00e9n se han sumado Polic\u00eda, Ej\u00e9rcito, Secretar\u00eda de Salud Departamental, ESE Salud Yopal, Nueva EPS, Capresoca, Medim\u00e1s, Cruz Roja, Bomberos, la Procuradora 12 de Familia, Personer\u00eda, Defensor\u00eda, C\u00e1mara de Comercio, Registradur\u00eda, ICBF, HORO.<\/p>\n<p style=\"font-weight: 400;\">Igualmente la Academia de Belleza G\u00e9nesis, las Fundaciones Mi Se\u00f1or Mi Salvador y Juan Feliz; los colegios Manuela Beltr\u00e1n, Braulio Gonz\u00e1lez, Centro Social, Celestin Freinet, Gimnasio de los Llanos, Alianza Pedag\u00f3gica, e Hispano Ingl\u00e9s; las universidades: Unisangil, Uniremington.<\/p>\n<p style=\"font-weight: 400;\">Tambi\u00e9n las empresas Arroz Casanare, Celsius, Gran Plaza Alcarav\u00e1n y el representante C\u00e9sar \u00a0Ortiz Zorro.<\/p>\n<p>Fuente y Fotograf\u00eda Alcald\u00eda de Yopal<\/p>\n","protected":false},"excerpt":{"rendered":"<p>Este 26 de septiembre se realizar\u00e1 una jornada de atenci\u00f3n e identificaci\u00f3n de los habitantes de calle, liderada por la Alcald\u00eda de Yopal, en conjunto con las instituciones del Comit\u00e9 Municipal. La actividad se llevar\u00e1 a cabo en el Coliseo 20 de Julio, desde la 1:00 de la tarde, donde recibir\u00e1n\u00a0 una oferta de servicios, [&hellip;]<\/p>\n","protected":false},"author":1,"featured_media":0,"comment_status":"closed","ping_status":"closed","sticky":false,"template":"","format":"standard","meta":{"footnotes":""},"categories":[2,66],"tags":[237,3,6975,238,16],"class_list":["post-18285","post","type-post","status-publish","format-standard","hentry","category-casanare","category-destacadas","tag-alcaldia-de-yopal","tag-casanare","tag-jornada-de-atencion-e-identificacion-de-los-habitantes-de-calle","tag-radio-noticias-casanare","tag-yopal"],"_links":{"self":[{"href":"https:\/\/radionoticiascasanare.com\/inicio\/wp-json\/wp\/v2\/posts\/18285","targetHints":{"allow":["GET"]}}],"collection":[{"href":"https:\/\/radionoticiascasanare.com\/inicio\/wp-json\/wp\/v2\/posts"}],"about":[{"href":"https:\/\/radionoticiascasanare.com\/inicio\/wp-json\/wp\/v2\/types\/post"}],"author":[{"embeddable":true,"href":"https:\/\/radionoticiascasanare.com\/inicio\/wp-json\/wp\/v2\/users\/1"}],"replies":[{"embeddable":true,"href":"https:\/\/radionoticiascasanare.com\/inicio\/wp-json\/wp\/v2\/comments?post=18285"}],"version-history":[{"count":0,"href":"https:\/\/radionoticiascasanare.com\/inicio\/wp-json\/wp\/v2\/posts\/18285\/revisions"}],"wp:attachment":[{"href":"https:\/\/radionoticiascasanare.com\/inicio\/wp-json\/wp\/v2\/media?parent=18285"}],"wp:term":[{"taxonomy":"category","embeddable":true,"href":"https:\/\/radionoticiascasanare.com\/inicio\/wp-json\/wp\/v2\/categories?post=18285"},{"taxonomy":"post_tag","embeddable":true,"href":"https:\/\/radionoticiascasanare.com\/inicio\/wp-json\/wp\/v2\/tags?post=18285"}],"curies":[{"name":"wp","href":"https:\/\/api.w.org\/{rel}","templated":true}]}}