{"id":18468,"date":"2018-10-08T10:11:22","date_gmt":"2018-10-08T15:11:22","guid":{"rendered":"http:\/\/radionoticiascasanare.com\/inicio\/?p=18468"},"modified":"2018-10-08T10:11:22","modified_gmt":"2018-10-08T15:11:22","slug":"culmina-con-gran-exito-procolombia-nature-travel-mart-realizado-en-casanare","status":"publish","type":"post","link":"https:\/\/radionoticiascasanare.com\/inicio\/culmina-con-gran-exito-procolombia-nature-travel-mart-realizado-en-casanare\/","title":{"rendered":"Culmina con gran \u00e9xito ProColombia Nature Travel Mart realizado en Casanare"},"content":{"rendered":"<p><img fetchpriority=\"high\" decoding=\"async\" class=\"wp-image-18469 alignleft\" src=\"http:\/\/radionoticiascasanare.com\/inicio\/wp-content\/uploads\/2018\/10\/ProColombia.jpeg\" alt=\"\" width=\"294\" height=\"196\" \/>Con gran \u00e9xito culmin\u00f3 el ProColombia Nature Travel Mart que se realiz\u00f3 por primera vez en Casanare. Un m\u00e9rito para las entidades que se propusieron, convencer a Procolombia a girar la mirada hacia nuestro Departamento, que cuenta con un potencial cultural y natural para desarrollar el turismo de naturaleza y aventura.<\/p>\n<p>Cada uno de los empresarios se llev\u00f3 el mejor de los recuerdos, cada experiencia, cada visita y cada atenci\u00f3n fue planeada para que ellos conocieran lo mejor de nuestra regi\u00f3n.<\/p>\n<p>Desde su recibimiento en el aeropuerto, la bienvenida en hotel con los ni\u00f1os de sembrando joropo, el viaje a San Luis de Palenque, la liberaci\u00f3n de tortugas \u00a8Charapas\u00a8, la visita a la reserva natural \u00a8El Encanto de Guanapalo\u00a8, los almuerzos empresariales animados por el concierto femenino de bandolas, del municipio de Man\u00ed, el baile de la soga del municipio de Aguazul y el regalo de sombrero \u00a8topochero\u00a8 que nos identifica; fueron algunas de la experiencias que hicieron que muy seguramente los cerca de 300 empresarios no vayan a olvidar esta experiencia y quieran que otras personas se animen a conocer nuestra tierra.<\/p>\n<p>Cabe destacar que dentro de la agenda la Adventure Travel Trade Association (ATTA) ofreci\u00f3 una serie de talleres sobre mercadeo y desarrollo de productos tur\u00edsticos especializados, en el que participaron los tours operadores casanare\u00f1os, que no alcanzaron a clasificar a la rueda de negocios, y que se convierte en una herramienta importante para participar en la pr\u00f3xima oportunidad.<\/p>\n<p>En esta edici\u00f3n del ProColombia Nature Travel Mart, estuvo el editor general de National Geographic, Costas Chirst quien dio una conferencia sobre el potencial del pa\u00eds como destino de naturaleza, y afirm\u00f3 que\u201d\u00a0Colombia es un gran destino de turismo sostenible, porque es uno de los focos de biodiversidad. Una de cada 10 especies del mundo se encuentra en Colombia&#8221;, y agreg\u00f3\u00a0que es importante desarrollar en Colombia el turismo de naturaleza de acuerdo con los principios de sostenibilidad. &#8220;Si Colombia sigue ese camino, se puede convertir en el principal destino de turismo de naturaleza del mundo&#8221;, a\u00f1adi\u00f3.<\/p>\n<p>Fuente y Fotograf\u00eda Gobernaci\u00f3n de Casanare<\/p>\n","protected":false},"excerpt":{"rendered":"<p>Con gran \u00e9xito culmin\u00f3 el ProColombia Nature Travel Mart que se realiz\u00f3 por primera vez en Casanare. Un m\u00e9rito para las entidades que se propusieron, convencer a Procolombia a girar la mirada hacia nuestro Departamento, que cuenta con un potencial cultural y natural para desarrollar el turismo de naturaleza y aventura. Cada uno de los [&hellip;]<\/p>\n","protected":false},"author":1,"featured_media":0,"comment_status":"closed","ping_status":"closed","sticky":false,"template":"","format":"standard","meta":{"footnotes":""},"categories":[2,66],"tags":[3,7062,6999,238,723],"class_list":["post-18468","post","type-post","status-publish","format-standard","hentry","category-casanare","category-destacadas","tag-casanare","tag-national-geographic","tag-procolombia-nature-travel-mart","tag-radio-noticias-casanare","tag-san-luis-de-palenque"],"_links":{"self":[{"href":"https:\/\/radionoticiascasanare.com\/inicio\/wp-json\/wp\/v2\/posts\/18468","targetHints":{"allow":["GET"]}}],"collection":[{"href":"https:\/\/radionoticiascasanare.com\/inicio\/wp-json\/wp\/v2\/posts"}],"about":[{"href":"https:\/\/radionoticiascasanare.com\/inicio\/wp-json\/wp\/v2\/types\/post"}],"author":[{"embeddable":true,"href":"https:\/\/radionoticiascasanare.com\/inicio\/wp-json\/wp\/v2\/users\/1"}],"replies":[{"embeddable":true,"href":"https:\/\/radionoticiascasanare.com\/inicio\/wp-json\/wp\/v2\/comments?post=18468"}],"version-history":[{"count":0,"href":"https:\/\/radionoticiascasanare.com\/inicio\/wp-json\/wp\/v2\/posts\/18468\/revisions"}],"wp:attachment":[{"href":"https:\/\/radionoticiascasanare.com\/inicio\/wp-json\/wp\/v2\/media?parent=18468"}],"wp:term":[{"taxonomy":"category","embeddable":true,"href":"https:\/\/radionoticiascasanare.com\/inicio\/wp-json\/wp\/v2\/categories?post=18468"},{"taxonomy":"post_tag","embeddable":true,"href":"https:\/\/radionoticiascasanare.com\/inicio\/wp-json\/wp\/v2\/tags?post=18468"}],"curies":[{"name":"wp","href":"https:\/\/api.w.org\/{rel}","templated":true}]}}