{"id":18471,"date":"2018-10-08T10:17:49","date_gmt":"2018-10-08T15:17:49","guid":{"rendered":"http:\/\/radionoticiascasanare.com\/inicio\/?p=18471"},"modified":"2018-10-08T10:17:49","modified_gmt":"2018-10-08T15:17:49","slug":"primera-dama-del-departamento-recibe-reconocimiento-por-parte-de-la-poblacion-con-discapacidad","status":"publish","type":"post","link":"https:\/\/radionoticiascasanare.com\/inicio\/primera-dama-del-departamento-recibe-reconocimiento-por-parte-de-la-poblacion-con-discapacidad\/","title":{"rendered":"Primera Dama del Departamento recibe reconocimiento por parte de la poblaci\u00f3n con discapacidad"},"content":{"rendered":"<p><img fetchpriority=\"high\" decoding=\"async\" class=\"wp-image-18472 alignleft\" src=\"http:\/\/radionoticiascasanare.com\/inicio\/wp-content\/uploads\/2018\/10\/IMG-20181006-WA0007.jpg\" alt=\"\" width=\"300\" height=\"200\" \/>Con el fin de agradecer y exaltar el trabajo y la gesti\u00f3n realizada por la Primera Dama de Casanare hacia la poblaci\u00f3n con discapacidad, durante el tercer Comit\u00e9 Departamental de Discapacidad, se le hizo entrega de un reconocimiento p\u00fablico por su ardua labor.<\/p>\n<p>La Gestora Social se ha caracterizado por trabajar fuertemente por la poblaci\u00f3n vulnerable, como lo son las personas con discapacidad, para quienes ha logrado importantes resultados, entre los cuales se resalta: un proyecto de seguridad alimentaria para 400 familias con presencia de personas con discapacidad, el cual, luego de evaluar criterios como alcance, eficiencia, eficacia y efectividad, fue declarado &#8220;Exitoso&#8221; por parte del DNP. La gesti\u00f3n ante empresas privadas y entrega de m\u00e1s de 200 sillas de ruedas beneficiando a personas con discapacidad f\u00edsica. Gesti\u00f3n de viviendas nuevas para familias con presencia de ni\u00f1os y\/o adultos con discapacidad, entre otras acciones, que hoy hacen que este grupo poblaci\u00f3n reconozcan en Marisela Duarte una mujer comprometida con la discapacidad.<\/p>\n<p>Por su parte, la primera dama del departamento se\u00f1al\u00f3, que detalles como este la comprometen a\u00fan m\u00e1s, para continuar d\u00eda a d\u00eda trabajando sin descanso por llegar con soluciones y ayudas a la poblaci\u00f3n con mayor necesidad del departamento de Casanare.<\/p>\n<p>Fuente y Fotograf\u00eda Gobernaci\u00f3n de Casanare<\/p>\n","protected":false},"excerpt":{"rendered":"<p>Con el fin de agradecer y exaltar el trabajo y la gesti\u00f3n realizada por la Primera Dama de Casanare hacia la poblaci\u00f3n con discapacidad, durante el tercer Comit\u00e9 Departamental de Discapacidad, se le hizo entrega de un reconocimiento p\u00fablico por su ardua labor. La Gestora Social se ha caracterizado por trabajar fuertemente por la poblaci\u00f3n [&hellip;]<\/p>\n","protected":false},"author":1,"featured_media":0,"comment_status":"closed","ping_status":"closed","sticky":false,"template":"","format":"standard","meta":{"footnotes":""},"categories":[2,66],"tags":[3,7063,5460,238,4417],"class_list":["post-18471","post","type-post","status-publish","format-standard","hentry","category-casanare","category-destacadas","tag-casanare","tag-poblacion-con-discapacidad","tag-primera-dama-del-departamento","tag-radio-noticias-casanare","tag-reconocimiento"],"_links":{"self":[{"href":"https:\/\/radionoticiascasanare.com\/inicio\/wp-json\/wp\/v2\/posts\/18471","targetHints":{"allow":["GET"]}}],"collection":[{"href":"https:\/\/radionoticiascasanare.com\/inicio\/wp-json\/wp\/v2\/posts"}],"about":[{"href":"https:\/\/radionoticiascasanare.com\/inicio\/wp-json\/wp\/v2\/types\/post"}],"author":[{"embeddable":true,"href":"https:\/\/radionoticiascasanare.com\/inicio\/wp-json\/wp\/v2\/users\/1"}],"replies":[{"embeddable":true,"href":"https:\/\/radionoticiascasanare.com\/inicio\/wp-json\/wp\/v2\/comments?post=18471"}],"version-history":[{"count":0,"href":"https:\/\/radionoticiascasanare.com\/inicio\/wp-json\/wp\/v2\/posts\/18471\/revisions"}],"wp:attachment":[{"href":"https:\/\/radionoticiascasanare.com\/inicio\/wp-json\/wp\/v2\/media?parent=18471"}],"wp:term":[{"taxonomy":"category","embeddable":true,"href":"https:\/\/radionoticiascasanare.com\/inicio\/wp-json\/wp\/v2\/categories?post=18471"},{"taxonomy":"post_tag","embeddable":true,"href":"https:\/\/radionoticiascasanare.com\/inicio\/wp-json\/wp\/v2\/tags?post=18471"}],"curies":[{"name":"wp","href":"https:\/\/api.w.org\/{rel}","templated":true}]}}