{"id":18579,"date":"2018-10-22T10:08:58","date_gmt":"2018-10-22T15:08:58","guid":{"rendered":"http:\/\/radionoticiascasanare.com\/inicio\/?p=18579"},"modified":"2018-10-22T10:08:58","modified_gmt":"2018-10-22T15:08:58","slug":"trabajar-por-la-unidad-de-colombia-papa-a-duque","status":"publish","type":"post","link":"https:\/\/radionoticiascasanare.com\/inicio\/trabajar-por-la-unidad-de-colombia-papa-a-duque\/","title":{"rendered":"Trabajar por la unidad de Colombia: Papa a Duque"},"content":{"rendered":"<figure id=\"attachment_18580\" aria-describedby=\"caption-attachment-18580\" style=\"width: 300px\" class=\"wp-caption alignleft\"><img fetchpriority=\"high\" decoding=\"async\" class=\" wp-image-18580\" src=\"http:\/\/radionoticiascasanare.com\/inicio\/wp-content\/uploads\/2018\/10\/DqG3dlpXgAAHKiS.jpeg\" alt=\"\" width=\"300\" height=\"185\" \/><figcaption id=\"caption-attachment-18580\" class=\"wp-caption-text\">presidencia-elnuevosiglo.com.co<\/figcaption><\/figure>\n<p>Superar las divisiones en Colombia y trabajar por la unidad del pa\u00eds fueron las peticiones del papa Francisco al presidente Iv\u00e1n Duque luego de sostener una reuni\u00f3n en el Vaticano, la cual tard\u00f3 m\u00e1s de 28 minutos.<\/p>\n<p>Asimismo, el Sumo Pont\u00edfice le pidi\u00f3 al Mandatario seguir trabajando por la paz.<\/p>\n<p>&#8220;Que solucionen esta veta que fueron esos 50 a\u00f1os&#8221; de conflicto,\u00a0le dijo el papa durante el tradicional intercambio de regalos frente a la prensa y a la delegaci\u00f3n de 17 personas que acompa\u00f1a a Duque.<\/p>\n<p>El Papa le obsequi\u00f3 al mandatario\u00a0colombiano un medall\u00f3n con un \u00e1rbol de olivo con dos ramas &#8220;que unen lo que estaba separado&#8221;, le explic\u00f3 Francisco.<\/p>\n<p>&#8220;Deseo que como esas dos ramas, Colombia se una&#8221;, le dijo el papa al pedirle que como el \u00e1rbol de olivo hay que\u00a0 &#8220;buscar lo que une y superar lo que divide&#8221;.<\/p>\n<p>Por su parte Duque le respondi\u00f3 que ese era &#8220;el mensaje que siempre he pensado de transmitir a los colombianos. Concentrarse en lo que une y no en lo que divide&#8221;, dijo.<\/p>\n<p>&#8220;Significa mucho para m\u00ed&#8221;, agreg\u00f3 el presidente andino.<\/p>\n<p>&#8220;Por eso lo escog\u00ed&#8221;, le explic\u00f3 Francisco.<\/p>\n<p>El papa jug\u00f3 un papel clave en las negociaciones y en 2017 realiz\u00f3 una visita Colombia para impulsar el fin del enfrentamiento armado.<\/p>\n<p><strong>Corrupci\u00f3n<\/strong><\/p>\n<p>La lucha frontal del Gobierno del Presidente Duque contra la corrupci\u00f3n tambi\u00e9n estuvo sobre la mesa.<\/p>\n<p>\u201cHe podido hablar sobre la agenda que venimos desarrollando en Colombia y tambi\u00e9n sent\u00ed motivaci\u00f3n de su parte para trabajar en estas materias\u201d, sostuvo.<\/p>\n<p>Y agreg\u00f3 que tambi\u00e9n comparti\u00f3 con el Papa la agenda en pro de la juventud. \u201cNosotros en Colombia estamos avanzando con la Econom\u00eda Naranja, con el emprendimiento, con la cobertura en materia de calidad educativa en todo el territorio, de atenci\u00f3n integral a la primera infancia formaci\u00f3n t\u00e9cnica, tecnol\u00f3gica y el fortalecimiento de las universidades y la universidad p\u00fablica, para dar oportunidades a los j\u00f3venes\u201d, se\u00f1al\u00f3.<\/p>\n<p>Finalmente dijo que le expres\u00f3 al Pont\u00edfice \u201cla complacencia y el honor que representa para m\u00ed estar con \u00e9l en Panam\u00e1\u201d en enero pr\u00f3ximo, en la Jornada Mundial de la Juventud.<\/p>\n<p>En la agenda de su primer d\u00eda de visita a Europa, el Mandatario tuvo\u00a0 a continuaci\u00f3n reuniones con el Presidente de Italia, Sergio Mattarella y con el Primer Ministro, Giuseppe Conte.<\/p>\n<p>Fuente y Fotograf\u00eda Colprensa-elnuevosiglo.com.co<\/p>\n","protected":false},"excerpt":{"rendered":"<p>Superar las divisiones en Colombia y trabajar por la unidad del pa\u00eds fueron las peticiones del papa Francisco al presidente Iv\u00e1n Duque luego de sostener una reuni\u00f3n en el Vaticano, la cual tard\u00f3 m\u00e1s de 28 minutos. Asimismo, el Sumo Pont\u00edfice le pidi\u00f3 al Mandatario seguir trabajando por la paz. &#8220;Que solucionen esta veta que [&hellip;]<\/p>\n","protected":false},"author":1,"featured_media":0,"comment_status":"closed","ping_status":"closed","sticky":false,"template":"","format":"standard","meta":{"footnotes":""},"categories":[85],"tags":[5467,157,238,7111],"class_list":["post-18579","post","type-post","status-publish","format-standard","hentry","category-internacional","tag-ivan-duque","tag-papa-francisco","tag-radio-noticias-casanare","tag-reunion-en-el-vaticano"],"_links":{"self":[{"href":"https:\/\/radionoticiascasanare.com\/inicio\/wp-json\/wp\/v2\/posts\/18579","targetHints":{"allow":["GET"]}}],"collection":[{"href":"https:\/\/radionoticiascasanare.com\/inicio\/wp-json\/wp\/v2\/posts"}],"about":[{"href":"https:\/\/radionoticiascasanare.com\/inicio\/wp-json\/wp\/v2\/types\/post"}],"author":[{"embeddable":true,"href":"https:\/\/radionoticiascasanare.com\/inicio\/wp-json\/wp\/v2\/users\/1"}],"replies":[{"embeddable":true,"href":"https:\/\/radionoticiascasanare.com\/inicio\/wp-json\/wp\/v2\/comments?post=18579"}],"version-history":[{"count":0,"href":"https:\/\/radionoticiascasanare.com\/inicio\/wp-json\/wp\/v2\/posts\/18579\/revisions"}],"wp:attachment":[{"href":"https:\/\/radionoticiascasanare.com\/inicio\/wp-json\/wp\/v2\/media?parent=18579"}],"wp:term":[{"taxonomy":"category","embeddable":true,"href":"https:\/\/radionoticiascasanare.com\/inicio\/wp-json\/wp\/v2\/categories?post=18579"},{"taxonomy":"post_tag","embeddable":true,"href":"https:\/\/radionoticiascasanare.com\/inicio\/wp-json\/wp\/v2\/tags?post=18579"}],"curies":[{"name":"wp","href":"https:\/\/api.w.org\/{rel}","templated":true}]}}