{"id":19317,"date":"2019-01-11T18:07:24","date_gmt":"2019-01-11T23:07:24","guid":{"rendered":"http:\/\/radionoticiascasanare.com\/inicio\/?p=19317"},"modified":"2019-01-11T18:07:24","modified_gmt":"2019-01-11T23:07:24","slug":"gobernador-de-casanare-se-reunio-con-directores-del-invima-y-del-sena","status":"publish","type":"post","link":"https:\/\/radionoticiascasanare.com\/inicio\/gobernador-de-casanare-se-reunio-con-directores-del-invima-y-del-sena\/","title":{"rendered":"Gobernador de Casanare se reuni\u00f3 con directores del Invima y del Sena"},"content":{"rendered":"<p><img decoding=\"async\" class=\"wp-image-19318 alignleft\" src=\"http:\/\/radionoticiascasanare.com\/inicio\/wp-content\/uploads\/2019\/01\/NOTA-8-1.jpg\" alt=\"\" width=\"255\" height=\"170\" \/>Habilitar las plantas de beneficio animal y mejorar las condiciones de educaci\u00f3n superior, fueron los temas que trataron durante la reuni\u00f3n el Gobernador de Casanare, Alirio Barrera junto con el Director de Invima, Julio C\u00e9sar Aldana y Sena, Carlos Mario Estrada.<\/p>\n<p>El Invima y el Sena, proceder\u00e1 con proyectos que beneficiar\u00e1n a los casanare\u00f1os, por la gesti\u00f3n de la Senadora Amanda Roc\u00edo Gonz\u00e1lez, los Representantes a la C\u00e1mara Jairo Cristancho y C\u00e9sar Ortiz, quienes dieron el respaldo al Gobernador Alirio Barrera en el encuentro con el Director Nacional del Invima, con el prop\u00f3sito de buscar alternativas que beneficien a todas la poblaci\u00f3n a nivel Nacional y con el Director General del Sena, con quien trataron el tema de la construcci\u00f3n de las sedes de esta instituci\u00f3n en el norte y sur del Departamento.<\/p>\n<p>\u201cLo que se busca con la visita del Director Nacional del Invima, es que se eval\u00fae por parte del gobierno central, la posibilidad de rehabilitar algunas plantas de beneficio animal del Departamento donde se beneficie la comunidad y los ganaderos de la regi\u00f3n, pero que, sobre todo que los procesos de sacrificio se den con las mejores condiciones de salubridad y calidad\u201d, asever\u00f3 Barrera Rodr\u00edguez.<\/p>\n<p>De otra parte, realizaron la presentaci\u00f3n del avance de obra al Director General del Sena Carlos Mario Estrada de la sede de la Instituci\u00f3n para la zona norte de Casanare, la cual present\u00f3 un avance de obra de m\u00e1s de un 50 por ciento; y de los dise\u00f1os de lo que ser\u00e1 la sede de la zona sur, la cual quedar\u00e1 ubicada en el municipio de Monterrey.<\/p>\n<p>Un total apoyo recibi\u00f3 el Gobierno Departamental, por parte de los directores del Sena y el Invima, para continuar trabajando en proyectos que sean de beneficio para el Departamento.<\/p>\n<p><strong>Fuente y Fotograf\u00eda Gobernaci\u00f3n de Casanare.<\/strong><\/p>\n","protected":false},"excerpt":{"rendered":"<p>Habilitar las plantas de beneficio animal y mejorar las condiciones de educaci\u00f3n superior, fueron los temas que trataron durante la reuni\u00f3n el Gobernador de Casanare, Alirio Barrera junto con el Director de Invima, Julio C\u00e9sar Aldana y Sena, Carlos Mario Estrada. El Invima y el Sena, proceder\u00e1 con proyectos que beneficiar\u00e1n a los casanare\u00f1os, por [&hellip;]<\/p>\n","protected":false},"author":1,"featured_media":0,"comment_status":"closed","ping_status":"closed","sticky":false,"template":"","format":"standard","meta":{"footnotes":""},"categories":[2,66],"tags":[5738,2395,332,1141,240,7452,238,7453,637],"class_list":["post-19317","post","type-post","status-publish","format-standard","hentry","category-casanare","category-destacadas","tag-cesar-ortiz-zorro","tag-educacion-superior","tag-gobernacion-de-casanare","tag-invima","tag-monterrey","tag-plantas-de-beneficio-animal","tag-radio-noticias-casanare","tag-representantes-a-la-camara-jairo-cristancho","tag-sena"],"_links":{"self":[{"href":"https:\/\/radionoticiascasanare.com\/inicio\/wp-json\/wp\/v2\/posts\/19317","targetHints":{"allow":["GET"]}}],"collection":[{"href":"https:\/\/radionoticiascasanare.com\/inicio\/wp-json\/wp\/v2\/posts"}],"about":[{"href":"https:\/\/radionoticiascasanare.com\/inicio\/wp-json\/wp\/v2\/types\/post"}],"author":[{"embeddable":true,"href":"https:\/\/radionoticiascasanare.com\/inicio\/wp-json\/wp\/v2\/users\/1"}],"replies":[{"embeddable":true,"href":"https:\/\/radionoticiascasanare.com\/inicio\/wp-json\/wp\/v2\/comments?post=19317"}],"version-history":[{"count":0,"href":"https:\/\/radionoticiascasanare.com\/inicio\/wp-json\/wp\/v2\/posts\/19317\/revisions"}],"wp:attachment":[{"href":"https:\/\/radionoticiascasanare.com\/inicio\/wp-json\/wp\/v2\/media?parent=19317"}],"wp:term":[{"taxonomy":"category","embeddable":true,"href":"https:\/\/radionoticiascasanare.com\/inicio\/wp-json\/wp\/v2\/categories?post=19317"},{"taxonomy":"post_tag","embeddable":true,"href":"https:\/\/radionoticiascasanare.com\/inicio\/wp-json\/wp\/v2\/tags?post=19317"}],"curies":[{"name":"wp","href":"https:\/\/api.w.org\/{rel}","templated":true}]}}