{"id":19375,"date":"2019-01-15T19:32:38","date_gmt":"2019-01-16T00:32:38","guid":{"rendered":"http:\/\/radionoticiascasanare.com\/inicio\/?p=19375"},"modified":"2019-01-15T19:32:38","modified_gmt":"2019-01-16T00:32:38","slug":"lider-social-del-corregimiento-las-guamas-de-paz-de-ariporo-denuncio-que-su-rapto-y-retencion-no-era-un-secuestro-que-el-objetivo-era-asesinarlo","status":"publish","type":"post","link":"https:\/\/radionoticiascasanare.com\/inicio\/lider-social-del-corregimiento-las-guamas-de-paz-de-ariporo-denuncio-que-su-rapto-y-retencion-no-era-un-secuestro-que-el-objetivo-era-asesinarlo\/","title":{"rendered":"L\u00edder social del corregimiento \u201cLas Guamas\u201d de Paz de Ariporo, denunci\u00f3 que su rapto y retenci\u00f3n no era un secuestro, que el objetivo era asesinarlo."},"content":{"rendered":"<p><img fetchpriority=\"high\" decoding=\"async\" class=\"wp-image-19376 alignleft\" src=\"http:\/\/radionoticiascasanare.com\/inicio\/wp-content\/uploads\/2019\/01\/NOTA-4-2.jpg\" alt=\"\" width=\"248\" height=\"255\" \/>El l\u00edder social y fiscal de la vereda Las Guamas de Paz de Ariporo, Jes\u00fas Emilio Castro Arenas, m\u00e1s conocido como \u2018Mono Castro\u2019, fue reportado como desaparecido por parte de los habitantes del sector, al parecer desde el pasado 9 de enero y apareci\u00f3 en la ma\u00f1ana del lunes 14 de enero de 2019 sano y salvo.<\/p>\n<p>Seg\u00fan lo comentado por familiares y habitantes de la regi\u00f3n, \u2018Mono Castro\u2019, al parecer hab\u00eda sido retenido en su finca, el mi\u00e9rcoles 9 de enero sobre las 8:00 de la ma\u00f1ana, por hombres que llegaron armas \u00a0armados hasta su lugar de residencia y se lo llevaron sin informaci\u00f3n alguna.<\/p>\n<p>El director seccional de Fiscal\u00edas, Jhon Freddy Encinales, dio a conocer que de acuerdo a informaci\u00f3n suministrada por el Gaula de la Polic\u00eda, Castro Arenas apareci\u00f3 en su vereda en la ma\u00f1ana del lunes. \u201cEstamos a la espera de la verificaci\u00f3n correspondiente, para determinar si fue o no un secuestro, ya que \u00e9l apareci\u00f3 por sus propios medios\u201d.<\/p>\n<p>De igual forma Encinales inform\u00f3 que, desde el momento en que se conoci\u00f3 de la desaparici\u00f3n del l\u00edder, dieron inicio a las investigaciones del caso, y adem\u00e1s manifest\u00f3 que las autoridades no ten\u00edan conocimiento de amenazas o desapariciones en contra del l\u00edder social, donde seg\u00fan lo manifestado por sus familiares si se hab\u00edan presentado.<\/p>\n<p><strong>\u201cno hay secuestro\u201d<\/strong><\/p>\n<p>En el Taller Construyendo Pa\u00eds que presidi\u00f3 en Yopal, el presidente Iv\u00e1n Duque, el s\u00e1bado anterior, el ministro de Defensa, Guillermo Botero Nieto, indic\u00f3 que el caso de desaparici\u00f3n de Jes\u00fas Emilio Castro, no era secuestro, ya que su familia nunca interpuso una denuncia por este hecho.<\/p>\n<p>\u201cAll\u00ed no hay un secuestro Presidente, su familia no lo ha querido denunciar como un secuestro, dicen que \u00e9l se alej\u00f3 de la regi\u00f3n, ese es el testimonio que da el padre, porque nosotros est\u00e1bamos pidiendo que lo denunciara como secuestro para que el Gaula pudiera entrar a actuar con todos los mecanismos que nos permite la ley\u201d, le dijo de manera puntual, el ministro de Defensa al presidente Iv\u00e1n Duque, sobre el caso de Jes\u00fas Emilio Castro.<\/p>\n<p><strong>Declaraciones <\/strong><\/p>\n<p>En entrevista concedida al noticiero Contacto Noticias de Violeta Est\u00e9reo, Jes\u00fas Emilio Castro, denunci\u00f3 que su rapto y retenci\u00f3n no tuvo nada que ver con un secuestro, que el objetivo de los delincuentes era asesinarlo.<\/p>\n<p>Castro Arenas indic\u00f3 que, dos hombres lo abordaron en su vivienda, cuando retornaba de la vereda Monta\u00f1as del Totumo, uno lo enca\u00f1ono y otro lo ataco por la espalda, y entre los dos se lo llevaron. \u201cLos delincuentes amenazaron a mi esposa y le dijeron que s\u00ed le avisaba a alguien o se retiraba de la vivienda, la matar\u00edan, junto con mis tres ni\u00f1os, por lo que ella, no dio aviso a las autoridades y siempre dijo que yo hab\u00eda salido voluntariamente\u201d.<\/p>\n<p>En cuanto a lo que vivi\u00f3 y a su liberaci\u00f3n dijo que, siempre permaneci\u00f3 vendado y amarrado a la pata de un \u00e1rbol y que gracias a la presi\u00f3n de las autoridades, -Ej\u00e9rcito, Gaula de la Polic\u00eda y Fuerza A\u00e9rea-, fue dejado en libertad ayer, hacia las 9:00 de la noche, en inmediaciones de la v\u00eda que conduce de Valdivia a Ca\u00f1o Garza, \u201cluego que me soltaron corr\u00ed mucho\u201d, expres\u00f3.<\/p>\n<p>Este l\u00edder Social Pazdearipore\u00f1o, se\u00f1al\u00f3 que, en tres ocasiones, hab\u00eda denunciado ante la seccional de la Fiscal\u00eda Paz de Ariporo, que iban atentar contra su vida y la justicia no hizo nada, habl\u00f3 de tener material probatorio contundente contra \u00e9l o las personas que quieren asesinarlo y asegur\u00f3 que los motivos de estos hechos tienen que ver por la defensa ac\u00e9rrima que viene realizando por las comunidades.<\/p>\n<p><strong>Fuente y Fotograf\u00eda Radio Noticias Casanare.<\/strong><\/p>\n","protected":false},"excerpt":{"rendered":"<p>El l\u00edder social y fiscal de la vereda Las Guamas de Paz de Ariporo, Jes\u00fas Emilio Castro Arenas, m\u00e1s conocido como \u2018Mono Castro\u2019, fue reportado como desaparecido por parte de los habitantes del sector, al parecer desde el pasado 9 de enero y apareci\u00f3 en la ma\u00f1ana del lunes 14 de enero de 2019 sano [&hellip;]<\/p>\n","protected":false},"author":1,"featured_media":0,"comment_status":"closed","ping_status":"closed","sticky":false,"template":"","format":"standard","meta":{"footnotes":""},"categories":[27],"tags":[7482,7483,7,7484,238,7485],"class_list":["post-19375","post","type-post","status-publish","format-standard","hentry","category-judicial","tag-autoridades-investigan","tag-lider-social","tag-paz-de-ariporo","tag-presunto-secuestro-o-intento-de-homicidio","tag-radio-noticias-casanare","tag-vereda-las-guamas"],"_links":{"self":[{"href":"https:\/\/radionoticiascasanare.com\/inicio\/wp-json\/wp\/v2\/posts\/19375","targetHints":{"allow":["GET"]}}],"collection":[{"href":"https:\/\/radionoticiascasanare.com\/inicio\/wp-json\/wp\/v2\/posts"}],"about":[{"href":"https:\/\/radionoticiascasanare.com\/inicio\/wp-json\/wp\/v2\/types\/post"}],"author":[{"embeddable":true,"href":"https:\/\/radionoticiascasanare.com\/inicio\/wp-json\/wp\/v2\/users\/1"}],"replies":[{"embeddable":true,"href":"https:\/\/radionoticiascasanare.com\/inicio\/wp-json\/wp\/v2\/comments?post=19375"}],"version-history":[{"count":0,"href":"https:\/\/radionoticiascasanare.com\/inicio\/wp-json\/wp\/v2\/posts\/19375\/revisions"}],"wp:attachment":[{"href":"https:\/\/radionoticiascasanare.com\/inicio\/wp-json\/wp\/v2\/media?parent=19375"}],"wp:term":[{"taxonomy":"category","embeddable":true,"href":"https:\/\/radionoticiascasanare.com\/inicio\/wp-json\/wp\/v2\/categories?post=19375"},{"taxonomy":"post_tag","embeddable":true,"href":"https:\/\/radionoticiascasanare.com\/inicio\/wp-json\/wp\/v2\/tags?post=19375"}],"curies":[{"name":"wp","href":"https:\/\/api.w.org\/{rel}","templated":true}]}}