{"id":20992,"date":"2019-03-27T10:44:19","date_gmt":"2019-03-27T15:44:19","guid":{"rendered":"https:\/\/radionoticiascasanare.com\/inicio\/?p=20992"},"modified":"2019-03-27T10:44:19","modified_gmt":"2019-03-27T15:44:19","slug":"debera-pagar-19-8-meses-en-la-carcel-la-guafilla-por-el-delito-de-hurto-calificado","status":"publish","type":"post","link":"https:\/\/radionoticiascasanare.com\/inicio\/debera-pagar-19-8-meses-en-la-carcel-la-guafilla-por-el-delito-de-hurto-calificado\/","title":{"rendered":"Deber\u00e1 pagar 19.8 meses en la c\u00e1rcel La Guafilla por el delito de Hurto Calificado"},"content":{"rendered":"<p><img fetchpriority=\"high\" decoding=\"async\" class=\"wp-image-20993 alignright\" src=\"https:\/\/radionoticiascasanare.com\/inicio\/wp-content\/uploads\/2019\/03\/pidiache.jpg\" alt=\"\" width=\"249\" height=\"256\" \/>El Juzgado Segundo Penal Municipal emiti\u00f3 sentencia condenatoria en contra de Cristian Jos\u00e9 Pidiache Dur\u00e1n, a una pena de 19.8 meses de prisi\u00f3n, por el delito de Hurto Calificado en grado de tentativa, niega subrogado suspensi\u00f3n condicional ejecuci\u00f3n de la pena. Sin recursos.<\/p>\n<p>La condena se dio por hechos ocurridos el d\u00eda 2 de diciembre de 2018 hora 9 :00 de la noche en la carrera 11 con 46 B YOPAL cuando este sujeto intimido con arma blanca a la v\u00edctima y le hurto un celular, pero fue perseguido y con apoyo policial se logr\u00f3 su captura<\/p>\n<p>Pidiache Dur\u00e1n se encuentra recluido en la c\u00e1rcel de Yopal, pagando una condena de 3 a\u00f1os de prisi\u00f3n por el delito de Hurto.<\/p>\n<p><strong>Fuente y Fotograf\u00eda Fiscal\u00eda Seccional.<\/strong><\/p>\n","protected":false},"excerpt":{"rendered":"<p>El Juzgado Segundo Penal Municipal emiti\u00f3 sentencia condenatoria en contra de Cristian Jos\u00e9 Pidiache Dur\u00e1n, a una pena de 19.8 meses de prisi\u00f3n, por el delito de Hurto Calificado en grado de tentativa, niega subrogado suspensi\u00f3n condicional ejecuci\u00f3n de la pena. Sin recursos. La condena se dio por hechos ocurridos el d\u00eda 2 de diciembre [&hellip;]<\/p>\n","protected":false},"author":1,"featured_media":0,"comment_status":"closed","ping_status":"closed","sticky":false,"template":"","format":"standard","meta":{"footnotes":""},"categories":[66,27],"tags":[8480,3544,3473,50,5927,277,8481,238],"class_list":["post-20992","post","type-post","status-publish","format-standard","hentry","category-destacadas","category-judicial","tag-19-8-meses","tag-carcel","tag-condena","tag-fiscalia","tag-hurto-calificado-y-agravado","tag-judicial","tag-pidiache","tag-radio-noticias-casanare"],"_links":{"self":[{"href":"https:\/\/radionoticiascasanare.com\/inicio\/wp-json\/wp\/v2\/posts\/20992","targetHints":{"allow":["GET"]}}],"collection":[{"href":"https:\/\/radionoticiascasanare.com\/inicio\/wp-json\/wp\/v2\/posts"}],"about":[{"href":"https:\/\/radionoticiascasanare.com\/inicio\/wp-json\/wp\/v2\/types\/post"}],"author":[{"embeddable":true,"href":"https:\/\/radionoticiascasanare.com\/inicio\/wp-json\/wp\/v2\/users\/1"}],"replies":[{"embeddable":true,"href":"https:\/\/radionoticiascasanare.com\/inicio\/wp-json\/wp\/v2\/comments?post=20992"}],"version-history":[{"count":0,"href":"https:\/\/radionoticiascasanare.com\/inicio\/wp-json\/wp\/v2\/posts\/20992\/revisions"}],"wp:attachment":[{"href":"https:\/\/radionoticiascasanare.com\/inicio\/wp-json\/wp\/v2\/media?parent=20992"}],"wp:term":[{"taxonomy":"category","embeddable":true,"href":"https:\/\/radionoticiascasanare.com\/inicio\/wp-json\/wp\/v2\/categories?post=20992"},{"taxonomy":"post_tag","embeddable":true,"href":"https:\/\/radionoticiascasanare.com\/inicio\/wp-json\/wp\/v2\/tags?post=20992"}],"curies":[{"name":"wp","href":"https:\/\/api.w.org\/{rel}","templated":true}]}}