{"id":21027,"date":"2019-03-28T08:47:27","date_gmt":"2019-03-28T13:47:27","guid":{"rendered":"https:\/\/radionoticiascasanare.com\/inicio\/?p=21027"},"modified":"2019-03-28T08:47:27","modified_gmt":"2019-03-28T13:47:27","slug":"corporinoquia-y-comunidad-de-punto-nuevo-llegaron-a-un-acuerdo","status":"publish","type":"post","link":"https:\/\/radionoticiascasanare.com\/inicio\/corporinoquia-y-comunidad-de-punto-nuevo-llegaron-a-un-acuerdo\/","title":{"rendered":"Corporinoquia y comunidad de veredas de Yopal acuerdan compromisos de trabajo conjunto"},"content":{"rendered":"<p><img decoding=\"async\" class=\"wp-image-21028 alignleft\" src=\"https:\/\/radionoticiascasanare.com\/inicio\/wp-content\/uploads\/2019\/03\/55914108_2435629819820688_6818275554655993856_n.jpg\" alt=\"\" width=\"250\" height=\"188\" \/> <img decoding=\"async\" class=\"wp-image-21029 alignleft\" src=\"https:\/\/radionoticiascasanare.com\/inicio\/wp-content\/uploads\/2019\/03\/55793539_2435629803154023_5479146172427796480_n.jpg\" alt=\"\" width=\"250\" height=\"187\" \/>Despu\u00e9s que la comunidad de las veredas San Jos\u00e9 de Ca\u00f1o Seco, Palomas Aguaverde, Punto Nuevo, Barbillal, Primero de Mayo, San Pascual y el Amparo del corregimiento de Punto Nuevo realizaron un plant\u00f3n frente a las instalaciones de Corporinoquia, exigiendo a la Corporaci\u00f3n que atendiera las denuncias de afectaciones ambientales en distintos sitios del municipio, entre los habitantes se encontraba el\u00a0vocero y l\u00edder de Punto Nuevo, Luis \u00c1ngel Luna, quien solicit\u00f3 respuestas de la Gerente de la entidad, Martha Plazas, en temas como la captaciones ilegales de fuentes h\u00eddricas,\u00a0 en diversas afectaciones ambientales en Yopal que se han venido denunciando y\u00a0 la corporaci\u00f3n ha sido de &#8220;o\u00eddos sordos&#8221;, expres\u00f3 Luna.<\/p>\n<p>Ante esta situaci\u00f3n una representante de la entidad hablo con los manifestantes y llegaron a un acuerdo, Luego de escuchar las inquietudes que preocupan a la comunidad de las veredas San Jos\u00e9 de Ca\u00f1o Seco, Palomas Aguaverde, Punto Nuevo, Barbillal, Primero de Mayo, San Pascual y el Amparo, funcionarios del nivel directivo de Corporinoquia, acordaron compromisos para el desarrollo de mesas de trabajo en los que participar\u00e1 la Directora General ingeniera Martha Jhoven Plazas Roa.<\/p>\n<p>La primera de estas reuniones se llevar\u00e1 a cabo ma\u00f1ana 28 de marzo en la zona donde se desarrollan las obras de contenci\u00f3n en la margen derecha del r\u00edo Cravo Sur ubicadas en el sector de El Amparo, con el fin de dar claridad t\u00e9cnica sobre la calidad y los alcances de esta.<\/p>\n<p>Frente a la problem\u00e1tica que se presenta con el inadecuado uso del recurso h\u00eddrico en temporada de sequ\u00eda, se acord\u00f3 un encuentro en la finca La Llave de la vereda Barbillal, el pr\u00f3ximo domingo 31 de marzo. A esta reuni\u00f3n ser\u00e1n convocadoslos representantes de los sectores palmeros, arroceros, ganaderos del municipio, los representantes legales de los canales La Milagrosa y Mi Ranchito, Procuradur\u00eda Ambiental Regional, Fiscal\u00eda Seccional, Gobernaci\u00f3n de Casanare, Alcald\u00eda de Yopal y Polic\u00eda Ambiental.<\/p>\n<p>Estos compromisos buscan dar claridad sobre las actuaciones que ha venido desarrollando Corporinoquia frente a las problem\u00e1ticas ambientales que se presentan en la regi\u00f3n, insistiendo que \u00e9stas han estado enmarcadas dentro de los t\u00e9rminos de ley, as\u00ed como sus competencias que le asisten a las corporaciones aut\u00f3nomas regionales en Colombia.<\/p>\n<p>El apoyo interinstitucional requerido por esta entidad, es de vital importancia para atacar las problem\u00e1ticas m\u00e1s \u00e1lgidas del departamento y a su vez, agradece las inquietudes que la comunidad manifiesta constantemente a Corporinoquia, en tanto que es la comunidad los ojos de esta instituci\u00f3n y su apoyo reviste gran importancia para la Directora General y todos aquellos que trabajamos por la conservaci\u00f3n del medio ambiente y los recursos naturales.<\/p>\n<p><strong>Fuente y Fotograf\u00eda Corporinoquia.<\/strong><\/p>\n","protected":false},"excerpt":{"rendered":"<p>Despu\u00e9s que la comunidad de las veredas San Jos\u00e9 de Ca\u00f1o Seco, Palomas Aguaverde, Punto Nuevo, Barbillal, Primero de Mayo, San Pascual y el Amparo del corregimiento de Punto Nuevo realizaron un plant\u00f3n frente a las instalaciones de Corporinoquia, exigiendo a la Corporaci\u00f3n que atendiera las denuncias de afectaciones ambientales en distintos sitios del municipio, [&hellip;]<\/p>\n","protected":false},"author":1,"featured_media":0,"comment_status":"closed","ping_status":"closed","sticky":false,"template":"","format":"standard","meta":{"footnotes":""},"categories":[66,5476],"tags":[8501,328,8502,43,8503,8504,332,8505,8506,8507,8508,8509,8510,919,238,8511,8512,8513],"class_list":["post-21027","post","type-post","status-publish","format-standard","hentry","category-destacadas","category-politica","tag-alcaldia-de-yopal-y-policia-ambienta","tag-arroceros","tag-barbillal","tag-corporinoquia","tag-fiscalia-seccional","tag-ganaderos-del-municipio","tag-gobernacion-de-casanare","tag-inadecuado-uso-del-recurso-hidrico","tag-los-representantes-legales-de-los-canales-la-milagrosa-y-mi-ranchito","tag-palmeros","tag-palomas-aguaverde","tag-primero-de-mayo","tag-procuraduria-ambiental-regional","tag-punto-nuevo","tag-radio-noticias-casanare","tag-san-pascual-y-el-amparo-del-corregimiento-de-punto","tag-temporada-de-sequia","tag-veredas-san-jose-de-cano-seco"],"_links":{"self":[{"href":"https:\/\/radionoticiascasanare.com\/inicio\/wp-json\/wp\/v2\/posts\/21027","targetHints":{"allow":["GET"]}}],"collection":[{"href":"https:\/\/radionoticiascasanare.com\/inicio\/wp-json\/wp\/v2\/posts"}],"about":[{"href":"https:\/\/radionoticiascasanare.com\/inicio\/wp-json\/wp\/v2\/types\/post"}],"author":[{"embeddable":true,"href":"https:\/\/radionoticiascasanare.com\/inicio\/wp-json\/wp\/v2\/users\/1"}],"replies":[{"embeddable":true,"href":"https:\/\/radionoticiascasanare.com\/inicio\/wp-json\/wp\/v2\/comments?post=21027"}],"version-history":[{"count":0,"href":"https:\/\/radionoticiascasanare.com\/inicio\/wp-json\/wp\/v2\/posts\/21027\/revisions"}],"wp:attachment":[{"href":"https:\/\/radionoticiascasanare.com\/inicio\/wp-json\/wp\/v2\/media?parent=21027"}],"wp:term":[{"taxonomy":"category","embeddable":true,"href":"https:\/\/radionoticiascasanare.com\/inicio\/wp-json\/wp\/v2\/categories?post=21027"},{"taxonomy":"post_tag","embeddable":true,"href":"https:\/\/radionoticiascasanare.com\/inicio\/wp-json\/wp\/v2\/tags?post=21027"}],"curies":[{"name":"wp","href":"https:\/\/api.w.org\/{rel}","templated":true}]}}