{"id":21032,"date":"2019-03-28T09:00:38","date_gmt":"2019-03-28T14:00:38","guid":{"rendered":"https:\/\/radionoticiascasanare.com\/inicio\/?p=21032"},"modified":"2019-03-28T09:00:38","modified_gmt":"2019-03-28T14:00:38","slug":"en-yopal-se-socializo-el-avance-en-la-formulacion-de-la-politica-publica-comunal-y-comunitaria-de-casanare","status":"publish","type":"post","link":"https:\/\/radionoticiascasanare.com\/inicio\/en-yopal-se-socializo-el-avance-en-la-formulacion-de-la-politica-publica-comunal-y-comunitaria-de-casanare\/","title":{"rendered":"En Yopal, se socializ\u00f3 el avance en la formulaci\u00f3n de la Pol\u00edtica P\u00fablica Comunal y Comunitaria de Casanare"},"content":{"rendered":"<p><img decoding=\"async\" class=\"wp-image-21033 alignright\" src=\"https:\/\/radionoticiascasanare.com\/inicio\/wp-content\/uploads\/2019\/03\/En-Yopal-se-socializo\u011b-el-avance-en-la-formulacio\u011bn-de-la-Poli\u011btica-Pu\u011bblica-Comunal-y-Comunitaria-de-Casanare_1.jpeg\" alt=\"\" width=\"250\" height=\"167\" \/>En las instalaciones de La Triada en Yopal, se desarroll\u00f3 la socializaci\u00f3n de los avances del documento de Pol\u00edtica P\u00fablica Comunal y Comunitaria, como resultado del proceso de recopilaci\u00f3n de insumos, y de un trabajo comunitario adelantado desde el a\u00f1o pasado en todo el departamento a trav\u00e9s de 30 mesas participativas, y liderado bajo supervisi\u00f3n articulada entre el Departamento Administrativo de Planeaci\u00f3n y la Secretar\u00eda de Gobierno Departamental.<\/p>\n<p>Durante la jornada que cont\u00f3 con la asistencia de m\u00e1s de 200 l\u00edderes comunales, el equipo consultor socializ\u00f3 los ejes estrat\u00e9gicos sobre los cuales se ha definido esta Pol\u00edtica P\u00fablica, los cuales incluyen: articulaci\u00f3n institucional, fortalecimiento de los organismos comunales para su reconocimiento, fortalecimiento a las empresas comunales rentables, y la promoci\u00f3n de la transparencia.<\/p>\n<p>El Secretario de Gobierno, Milton \u00c1lvarez Alfonso, manifest\u00f3 que la construcci\u00f3n de la Pol\u00edtica Publica Comunal \u201c\u2026es una meta en la que la administraci\u00f3n departamental sigue avanzando, de acuerdo a lo plasmado en el Plan de Desarrollo Casanare con Paso Firme. El gobernador Alirio Barrera reconoce en la acci\u00f3n comunal la base de la gobernanza y del fortalecimiento democr\u00e1tico y social, por lo cual ha seguido de cerca este proceso, y los lideres comunales pueden estar satisfechos y saber que el gobernador les est\u00e1 cumpliendo\u201d.<\/p>\n<p>Por su parte, la directora de Participaci\u00f3n, Democracia y Acci\u00f3n Comunal, del Ministerio del Interior, Hilda Guti\u00e9rrez, resalt\u00f3 la labor que ha adelantado la Gobernaci\u00f3n de Casanare en todo este proceso que evidencia buenos resultados y avances en su construcci\u00f3n; asimismo, afirm\u00f3 que la intenci\u00f3n del gobierno nacional, a trav\u00e9s de la expedici\u00f3n del CONPES 3955, es fortalecer la acci\u00f3n comunal a trav\u00e9s del apoyo a proyectos comunitarios, capacitaci\u00f3n, convenios educativos y m\u00faltiples acciones de apoyo al desarrollo del sector\u201d.<\/p>\n<p>\u201cCreo que estamos logrando una Pol\u00edtica P\u00fablica integral, debido al trabajo participativo que se ha realizado en todo el departamento, lo cual es un gran avance. Sin embargo necesitamos garantizar que este documento no se quede como un \u201csaludo a la bandera\u201d, sino que se garantice su ejecuci\u00f3n a trav\u00e9s de la apropiaci\u00f3n de recursos propios del departamento\u201d, fue el llamado de Mauricio Gonz\u00e1lez, presidente de Asojuntas de Aguazul.<\/p>\n<p>Adem\u00e1s de delegados del Ministerio del Interior, tambi\u00e9n estuvieron presentes en la jornada los diputados York Cort\u00e9s, Jos\u00e9 Barrera y Sonia Bernal, adem\u00e1s de integrantes de diferentes sectores sociales del departamento. Como etapa final, el documento de Pol\u00edtica P\u00fablica ser\u00e1 radicado ante la Asamblea Departamental para su respectivo debate y aprobaci\u00f3n mediante Ordenanza.<\/p>\n<p><strong>Fuente y Fotograf\u00eda Gobernaci\u00f3n de Casanare.<\/strong><\/p>\n","protected":false},"excerpt":{"rendered":"<p>En las instalaciones de La Triada en Yopal, se desarroll\u00f3 la socializaci\u00f3n de los avances del documento de Pol\u00edtica P\u00fablica Comunal y Comunitaria, como resultado del proceso de recopilaci\u00f3n de insumos, y de un trabajo comunitario adelantado desde el a\u00f1o pasado en todo el departamento a trav\u00e9s de 30 mesas participativas, y liderado bajo supervisi\u00f3n [&hellip;]<\/p>\n","protected":false},"author":1,"featured_media":0,"comment_status":"closed","ping_status":"closed","sticky":false,"template":"","format":"standard","meta":{"footnotes":""},"categories":[66,5476],"tags":[8514,8515,647,332,8516,238],"class_list":["post-21032","post","type-post","status-publish","format-standard","hentry","category-destacadas","category-politica","tag-asojuntas-de-aguazul","tag-delegados-del-ministerio-del-interior","tag-diputados","tag-gobernacion-de-casanare","tag-olitica-publica-comunal-y-comunitaria","tag-radio-noticias-casanare"],"_links":{"self":[{"href":"https:\/\/radionoticiascasanare.com\/inicio\/wp-json\/wp\/v2\/posts\/21032","targetHints":{"allow":["GET"]}}],"collection":[{"href":"https:\/\/radionoticiascasanare.com\/inicio\/wp-json\/wp\/v2\/posts"}],"about":[{"href":"https:\/\/radionoticiascasanare.com\/inicio\/wp-json\/wp\/v2\/types\/post"}],"author":[{"embeddable":true,"href":"https:\/\/radionoticiascasanare.com\/inicio\/wp-json\/wp\/v2\/users\/1"}],"replies":[{"embeddable":true,"href":"https:\/\/radionoticiascasanare.com\/inicio\/wp-json\/wp\/v2\/comments?post=21032"}],"version-history":[{"count":0,"href":"https:\/\/radionoticiascasanare.com\/inicio\/wp-json\/wp\/v2\/posts\/21032\/revisions"}],"wp:attachment":[{"href":"https:\/\/radionoticiascasanare.com\/inicio\/wp-json\/wp\/v2\/media?parent=21032"}],"wp:term":[{"taxonomy":"category","embeddable":true,"href":"https:\/\/radionoticiascasanare.com\/inicio\/wp-json\/wp\/v2\/categories?post=21032"},{"taxonomy":"post_tag","embeddable":true,"href":"https:\/\/radionoticiascasanare.com\/inicio\/wp-json\/wp\/v2\/tags?post=21032"}],"curies":[{"name":"wp","href":"https:\/\/api.w.org\/{rel}","templated":true}]}}