{"id":21296,"date":"2019-04-09T22:12:30","date_gmt":"2019-04-10T03:12:30","guid":{"rendered":"https:\/\/radionoticiascasanare.com\/inicio\/?p=21296"},"modified":"2019-04-09T22:12:30","modified_gmt":"2019-04-10T03:12:30","slug":"este-domingo-de-ramos-corporinoquia-invita-a-sembrar-nuevas-tradiciones","status":"publish","type":"post","link":"https:\/\/radionoticiascasanare.com\/inicio\/este-domingo-de-ramos-corporinoquia-invita-a-sembrar-nuevas-tradiciones\/","title":{"rendered":"Este Domingo de Ramos Corporinoquia invita a sembrar nuevas tradiciones"},"content":{"rendered":"<blockquote>\n<p style=\"text-align: left;\" align=\"center\"><em><img decoding=\"async\" class=\"alignnone wp-image-21297 size-thumbnail\" src=\"https:\/\/radionoticiascasanare.com\/inicio\/wp-content\/uploads\/2019\/04\/Domingo-de-Ramos-235x164.jpeg\" alt=\"\" width=\"235\" height=\"164\" \/>Con la entrega de palmas areca en los 45 municipios de la jurisdicci\u00f3n se busca generar conciencia y contribuir a la conservaci\u00f3n de la Palma de Cera<\/em><\/p>\n<p>Con la entrega pl\u00e1ntulas en los departamentos de Arauca, Boyac\u00e1, Casanare, Cundinamarca y Vichada; Corporinoquia busca crear conciencia como mecanismo de prevenci\u00f3n ante la tala indiscriminada de la palma de cera que tradicionalmente se presenta en estas fechas y que la han llevado a un estado vulnerable, seg\u00fan la Uni\u00f3n Internacional para la Conservaci\u00f3n de la Naturaleza \u2013 UICN.<\/p>\n<p>&nbsp;<\/p>\n<p>Esta actividad\u00a0 se ha convertido en una tradici\u00f3n en la jurisdicci\u00f3n de Corporinoquia busca que la comunidad de feligreses cambie el h\u00e1bito de bendecir un ramo, por el cual se tuvieron que talar cientos de palmas de cera, y en cambio, se reciba completamente <strong>gratis<\/strong> una de las palmas que se estar\u00e1n regalando y que podr\u00e1n ser, adem\u00e1s de bendecidas, sembradas para su cuidado.<\/p>\n<p>&nbsp;<\/p>\n<p><em>\u201cCon las iglesias cat\u00f3licas de la jurisdicci\u00f3n de Corporinoquia se ha realizado di\u00e1logo y trabajo de acercamiento para socializar la estrategia ambiental y que poco a poco el h\u00e1bito de bendecir un ramo se reemplace por el de bendecir una palma que podr\u00e1 despu\u00e9s ser sembrada y cuidada\u201d<\/em>, destac\u00f3 Martha Plazas Roa, directora general.<\/p>\n<p>&nbsp;<\/p>\n<p>La palma de cera es s\u00edmbolo nacional desde 1985 pero con el paso de los a\u00f1os su estado de conservaci\u00f3n se visto seriamente afectado por la tala indiscriminada que la mantiene en peligro cr\u00edtico y que afecta directamente a otras especias, debido a que es h\u00e1bitat del loro orejiamarillo que tambi\u00e9n est\u00e1 en riesgo de extinci\u00f3n.<\/p>\n<p>&nbsp;<\/p>\n<p>De esta manera, Corporinoquia no solo hace un especial llamado para que este Domingo de Ramos se reciba una palma de cera para\u00a0 su siembra sino que adem\u00e1s, recuerda que en la jurisdicci\u00f3n se est\u00e1n realizando puestos de control con apoyo de la Polic\u00eda Nacional y La Octava Divisi\u00f3n del Ej\u00e9rcito Nacional para individualizar a las personas que cazan, hacen tenencia y comercializan fauna y flora silvestre, ya que este il\u00edcito es tipificado como un delito ambiental, mediante la ley 1453 de 2011 del C\u00f3digo Penal, articulo 328 del \u201cIl\u00edcito aprovechamiento de los recursos naturales renovables\u201d, que incurrir\u00e1 en penas privativas de la libertad de cuarenta y ocho (48) a ciento ocho (108) meses y multas hasta de treinta y cinco mil (35.000) salarios m\u00ednimos legales mensuales vigentes.<\/p>\n<p><strong>Fuente y Fotograf\u00eda Corporinoquia.<\/strong><\/p><\/blockquote>\n","protected":false},"excerpt":{"rendered":"<p>Con la entrega de palmas areca en los 45 municipios de la jurisdicci\u00f3n se busca generar conciencia y contribuir a la conservaci\u00f3n de la Palma de Cera Con la entrega pl\u00e1ntulas en los departamentos de Arauca, Boyac\u00e1, Casanare, Cundinamarca y Vichada; Corporinoquia busca crear conciencia como mecanismo de prevenci\u00f3n ante la tala indiscriminada de la [&hellip;]<\/p>\n","protected":false},"author":1,"featured_media":0,"comment_status":"closed","ping_status":"closed","sticky":false,"template":"","format":"standard","meta":{"footnotes":""},"categories":[66,8492],"tags":[43,5791,155,1026,8687,238,8688],"class_list":["post-21296","post","type-post","status-publish","format-standard","hentry","category-destacadas","category-noticias-casanare","tag-corporinoquia","tag-gratis","tag-iglesia-catolica","tag-medio-ambiente","tag-palma-cera","tag-radio-noticias-casanare","tag-semana-mayor"],"_links":{"self":[{"href":"https:\/\/radionoticiascasanare.com\/inicio\/wp-json\/wp\/v2\/posts\/21296","targetHints":{"allow":["GET"]}}],"collection":[{"href":"https:\/\/radionoticiascasanare.com\/inicio\/wp-json\/wp\/v2\/posts"}],"about":[{"href":"https:\/\/radionoticiascasanare.com\/inicio\/wp-json\/wp\/v2\/types\/post"}],"author":[{"embeddable":true,"href":"https:\/\/radionoticiascasanare.com\/inicio\/wp-json\/wp\/v2\/users\/1"}],"replies":[{"embeddable":true,"href":"https:\/\/radionoticiascasanare.com\/inicio\/wp-json\/wp\/v2\/comments?post=21296"}],"version-history":[{"count":0,"href":"https:\/\/radionoticiascasanare.com\/inicio\/wp-json\/wp\/v2\/posts\/21296\/revisions"}],"wp:attachment":[{"href":"https:\/\/radionoticiascasanare.com\/inicio\/wp-json\/wp\/v2\/media?parent=21296"}],"wp:term":[{"taxonomy":"category","embeddable":true,"href":"https:\/\/radionoticiascasanare.com\/inicio\/wp-json\/wp\/v2\/categories?post=21296"},{"taxonomy":"post_tag","embeddable":true,"href":"https:\/\/radionoticiascasanare.com\/inicio\/wp-json\/wp\/v2\/tags?post=21296"}],"curies":[{"name":"wp","href":"https:\/\/api.w.org\/{rel}","templated":true}]}}