{"id":21325,"date":"2019-04-10T22:23:31","date_gmt":"2019-04-11T03:23:31","guid":{"rendered":"https:\/\/radionoticiascasanare.com\/inicio\/?p=21325"},"modified":"2019-04-10T22:23:31","modified_gmt":"2019-04-11T03:23:31","slug":"en-la-gobernacion-de-casanare-no-habra-atencion-al-publico-en-semana-santa","status":"publish","type":"post","link":"https:\/\/radionoticiascasanare.com\/inicio\/en-la-gobernacion-de-casanare-no-habra-atencion-al-publico-en-semana-santa\/","title":{"rendered":"En la Gobernaci\u00f3n de Casanare no habr\u00e1 atenci\u00f3n al p\u00fablico en Semana Santa"},"content":{"rendered":"<p style=\"font-weight: 400;\"><em><img decoding=\"async\" class=\"wp-image-21326 alignright\" src=\"https:\/\/radionoticiascasanare.com\/inicio\/wp-content\/uploads\/2019\/04\/Atenci\u00f3n-al-Ciudadano.jpeg\" alt=\"\" width=\"250\" height=\"141\" \/>A trav\u00e9s de un comunicado de prensa entregado por la Gobernaci\u00f3n de Casanare, se conoci\u00f3\u00a0 que: Los funcionarios de planta compensaron las 24 horas correspondientes a los tres d\u00edas h\u00e1biles de la Semana Mayor.<\/em><\/p>\n<p style=\"font-weight: 400;\">El texto: &#8220;el\u00a0 Gobernador de Casanare Alirio Barrera, en ejercicio de sus facultades legales, y en especial las conferidas por el art\u00edculo 2.2.5.5.51 de la ley 909 del 2004.\u00a0\u00a0Mediante resoluci\u00f3n 0056 de 2019, declara inh\u00e1biles los d\u00edas laborales de Semana Santa.<\/p>\n<p style=\"font-weight: 400;\">\n<p style=\"font-weight: 400;\">En aras de contribuir al bienestar, crecimiento personal y unidad familiar de cada uno de los servidores p\u00fablicos de la Administraci\u00f3n Central del Departamento, el Gobernador de Casanare puede, dentro del \u00e1mbito legal antes mencionado, ordenar el descanso compensado a trav\u00e9s de jornadas laborales adicionales, para el disfrute de los d\u00edas 15,16 y 17 correspondientes a dicha semana.<\/p>\n<p style=\"font-weight: 400;\">\n<p style=\"font-weight: 400;\">Es por esto, que los funcionarios de planta vinculados con la Administraci\u00f3n Central del Departamento compensaron las 24 horas correspondientes a los tres d\u00edas h\u00e1biles de la Semana Santa, en jornadas adicionales de trabajo, laborando los d\u00edas s\u00e1bados 16 y 30 de marzo de 2019 en horario de 8:00 a.m. a 12:00 m. y de 2:00 p.m. a 6:00 p.m., y durante la semana del 18 al 22 y los d\u00edas 27, 28 y 29 de marzo de 2019, incrementando una hora diaria de labor comprendida entre las 7:00 a.m. a 8:00 a.m., completando as\u00ed las 24 horas precitadas.<\/p>\n<p style=\"font-weight: 400;\">\n<p style=\"font-weight: 400;\">De conformidad con todo lo antes mencionado, los d\u00edas 15,16 y 17 de abril de 2019 correspondientes a la Semana Santa, se declaran d\u00edas inh\u00e1biles y, por tanto, durante ellos, no habr\u00e1 atenci\u00f3n al p\u00fablico en la totalidad de las dependencias que hacen parte de la Administraci\u00f3n Central del Departamento de Casanare&#8221;.<\/p>\n<p><strong>Fuente y Fotograf\u00eda Gobernaci\u00f3n de Casanare.<\/strong><\/p>\n","protected":false},"excerpt":{"rendered":"<p>A trav\u00e9s de un comunicado de prensa entregado por la Gobernaci\u00f3n de Casanare, se conoci\u00f3\u00a0 que: Los funcionarios de planta compensaron las 24 horas correspondientes a los tres d\u00edas h\u00e1biles de la Semana Mayor. El texto: &#8220;el\u00a0 Gobernador de Casanare Alirio Barrera, en ejercicio de sus facultades legales, y en especial las conferidas por el [&hellip;]<\/p>\n","protected":false},"author":1,"featured_media":0,"comment_status":"closed","ping_status":"closed","sticky":false,"template":"","format":"standard","meta":{"footnotes":""},"categories":[66,8492,5476],"tags":[1269,332,8697,238,388],"class_list":["post-21325","post","type-post","status-publish","format-standard","hentry","category-destacadas","category-noticias-casanare","category-politica","tag-funcionarios","tag-gobernacion-de-casanare","tag-no-habra-atencion","tag-radio-noticias-casanare","tag-semana-santa"],"_links":{"self":[{"href":"https:\/\/radionoticiascasanare.com\/inicio\/wp-json\/wp\/v2\/posts\/21325","targetHints":{"allow":["GET"]}}],"collection":[{"href":"https:\/\/radionoticiascasanare.com\/inicio\/wp-json\/wp\/v2\/posts"}],"about":[{"href":"https:\/\/radionoticiascasanare.com\/inicio\/wp-json\/wp\/v2\/types\/post"}],"author":[{"embeddable":true,"href":"https:\/\/radionoticiascasanare.com\/inicio\/wp-json\/wp\/v2\/users\/1"}],"replies":[{"embeddable":true,"href":"https:\/\/radionoticiascasanare.com\/inicio\/wp-json\/wp\/v2\/comments?post=21325"}],"version-history":[{"count":0,"href":"https:\/\/radionoticiascasanare.com\/inicio\/wp-json\/wp\/v2\/posts\/21325\/revisions"}],"wp:attachment":[{"href":"https:\/\/radionoticiascasanare.com\/inicio\/wp-json\/wp\/v2\/media?parent=21325"}],"wp:term":[{"taxonomy":"category","embeddable":true,"href":"https:\/\/radionoticiascasanare.com\/inicio\/wp-json\/wp\/v2\/categories?post=21325"},{"taxonomy":"post_tag","embeddable":true,"href":"https:\/\/radionoticiascasanare.com\/inicio\/wp-json\/wp\/v2\/tags?post=21325"}],"curies":[{"name":"wp","href":"https:\/\/api.w.org\/{rel}","templated":true}]}}