{"id":21332,"date":"2019-04-11T14:09:51","date_gmt":"2019-04-11T19:09:51","guid":{"rendered":"https:\/\/radionoticiascasanare.com\/inicio\/?p=21332"},"modified":"2019-04-11T14:09:51","modified_gmt":"2019-04-11T19:09:51","slug":"campana-de-sensibilizacion-en-seguridad-y-prevencion-vial-por-parte-de-la-policia-en-casanare","status":"publish","type":"post","link":"https:\/\/radionoticiascasanare.com\/inicio\/campana-de-sensibilizacion-en-seguridad-y-prevencion-vial-por-parte-de-la-policia-en-casanare\/","title":{"rendered":"Campa\u00f1a de sensibilizaci\u00f3n en seguridad y prevenci\u00f3n vial por parte de la Polic\u00eda en Casanare"},"content":{"rendered":"<blockquote><p><img decoding=\"async\" class=\"wp-image-21334 alignleft\" src=\"https:\/\/radionoticiascasanare.com\/inicio\/wp-content\/uploads\/2019\/04\/IMG-20190411-WA0000-1.jpg\" alt=\"\" width=\"250\" height=\"188\" \/> <img decoding=\"async\" class=\"wp-image-21336 alignleft\" src=\"https:\/\/radionoticiascasanare.com\/inicio\/wp-content\/uploads\/2019\/04\/IMG-20190411-WA0002.jpg\" alt=\"\" width=\"250\" height=\"188\" \/>En horas de la ma\u00f1ana de hoy Jueves, personal de Polic\u00eda de Tr\u00e1nsito, instal\u00f3 un punto de control y enturne SOS contigencias, en el Kil\u00f3metro 18, jurisdiccion del municipio de yopal, tramo vial Yopal-Pore; donde\u00a0 realizaron\u00a0 Campa\u00f1a de responsabilidad y sensibilizaci\u00f3n vial dirigida a conductores de veh\u00edculos de transporte de carga por parte del personal que integra el cuadrante vial 3 y con la participaci\u00f3n de funcionarios de la Direcci\u00f3n Departamental de Tr\u00e1nsito y Transporte Casanare, donde se trataron los siguientes temas as\u00ec :<\/p><\/blockquote>\n<p>1. Respeto por las normas y se\u00f1ales de tr\u00e1nsito.<br \/>\n2. Respetar los l\u00edmites de velocidad.<br \/>\n3. Utilizar los elementos de seguridad.<br \/>\n4. No distraerse al conducir, ni hacer uso de elementos electr\u00f3nicos mientras se conduce.<br \/>\n5. Buenos h\u00e1bitos de comportamiento al momento de formar parte del tr\u00e1nsito.<br \/>\n6. Dar siempre prelaci\u00f3n al peat\u00f3n.<br \/>\n7. No conducir en estado de embriaguez.<br \/>\n8. Uso e instalaci\u00f3n de cintas retro reflectivas.<br \/>\n9. Porte de manifiesto electr\u00f3nico de carga.<\/p>\n<p>Segun lo manifestado por el Capitan Walter Fuentes, Comandante de la Seccional de Transito y transporte de la Policia, el Objetivo de esta campa\u00f1a es disminuir\u00a0 los Siniestros Viales, garantizar una cultura m\u00e1s conciente y responsable en los actores viales.<\/p>\n<p>Recibieron el compromiso 40 conductores.<\/p>\n<p><strong>Fuente y Fotograf\u00eda Seccional Tr\u00e1nsito y Transporte Casanare<\/strong>.<\/p>\n","protected":false},"excerpt":{"rendered":"<p>En horas de la ma\u00f1ana de hoy Jueves, personal de Polic\u00eda de Tr\u00e1nsito, instal\u00f3 un punto de control y enturne SOS contigencias, en el Kil\u00f3metro 18, jurisdiccion del municipio de yopal, tramo vial Yopal-Pore; donde\u00a0 realizaron\u00a0 Campa\u00f1a de responsabilidad y sensibilizaci\u00f3n vial dirigida a conductores de veh\u00edculos de transporte de carga por parte del personal [&hellip;]<\/p>\n","protected":false},"author":1,"featured_media":0,"comment_status":"closed","ping_status":"closed","sticky":false,"template":"","format":"standard","meta":{"footnotes":""},"categories":[66,8492],"tags":[597,8699,3,179,238,2886,8700,16],"class_list":["post-21332","post","type-post","status-publish","format-standard","hentry","category-destacadas","category-noticias-casanare","tag-accidentalidad","tag-campana-prevencion","tag-casanare","tag-policia-nacional","tag-radio-noticias-casanare","tag-transito-y-transporte","tag-vehiculos-carga-pesada","tag-yopal"],"_links":{"self":[{"href":"https:\/\/radionoticiascasanare.com\/inicio\/wp-json\/wp\/v2\/posts\/21332","targetHints":{"allow":["GET"]}}],"collection":[{"href":"https:\/\/radionoticiascasanare.com\/inicio\/wp-json\/wp\/v2\/posts"}],"about":[{"href":"https:\/\/radionoticiascasanare.com\/inicio\/wp-json\/wp\/v2\/types\/post"}],"author":[{"embeddable":true,"href":"https:\/\/radionoticiascasanare.com\/inicio\/wp-json\/wp\/v2\/users\/1"}],"replies":[{"embeddable":true,"href":"https:\/\/radionoticiascasanare.com\/inicio\/wp-json\/wp\/v2\/comments?post=21332"}],"version-history":[{"count":0,"href":"https:\/\/radionoticiascasanare.com\/inicio\/wp-json\/wp\/v2\/posts\/21332\/revisions"}],"wp:attachment":[{"href":"https:\/\/radionoticiascasanare.com\/inicio\/wp-json\/wp\/v2\/media?parent=21332"}],"wp:term":[{"taxonomy":"category","embeddable":true,"href":"https:\/\/radionoticiascasanare.com\/inicio\/wp-json\/wp\/v2\/categories?post=21332"},{"taxonomy":"post_tag","embeddable":true,"href":"https:\/\/radionoticiascasanare.com\/inicio\/wp-json\/wp\/v2\/tags?post=21332"}],"curies":[{"name":"wp","href":"https:\/\/api.w.org\/{rel}","templated":true}]}}