{"id":21365,"date":"2019-04-12T14:38:58","date_gmt":"2019-04-12T19:38:58","guid":{"rendered":"https:\/\/radionoticiascasanare.com\/inicio\/?p=21365"},"modified":"2019-04-12T14:38:58","modified_gmt":"2019-04-12T19:38:58","slug":"a-traves-de-ocad-departamental-se-aprobo-proyecto-para-la-construccion-del-sena-en-monterrey","status":"publish","type":"post","link":"https:\/\/radionoticiascasanare.com\/inicio\/a-traves-de-ocad-departamental-se-aprobo-proyecto-para-la-construccion-del-sena-en-monterrey\/","title":{"rendered":"A trav\u00e9s de Ocad departamental se aprob\u00f3 proyecto para la construcci\u00f3n del SENA  en Monterrey"},"content":{"rendered":"<figure id=\"attachment_19970\" aria-describedby=\"caption-attachment-19970\" style=\"width: 250px\" class=\"wp-caption alignleft\"><img decoding=\"async\" class=\"wp-image-19970\" src=\"https:\/\/radionoticiascasanare.com\/inicio\/wp-content\/uploads\/2019\/02\/SEDE-SENA-MONTERREY-2.jpg\" alt=\"\" width=\"250\" height=\"167\" \/><figcaption id=\"caption-attachment-19970\" class=\"wp-caption-text\">Imagen Archivo<\/figcaption><\/figure>\n<p>Bajo mandato de la primera autoridad del Departamento Barrera Rodr\u00edguez se siguen viabilizando proyectos en obras \u00a0que sembrar\u00e1n progreso y desarrollo a la comunidad casanare\u00f1a. Este jueves 11 de abril \u00a0tras importante sesi\u00f3n de OCAD Departamental, se aprob\u00f3 un proyecto de gran trascendencia e impacto para el bienestar y progreso de las comunidades del sur de Casanare:\u00a0<em>construcci\u00f3n creaci\u00f3n sub-sede SENA \u00a0del centro agroindustrial y fortalecimiento empresarial de Casanare en el municipio de monterrey<\/em>, \u00a0por un valor de $ 14.345.799.526.<\/p>\n<p>Con esta iniciativa aprobada se honra el compromiso del Gobernador de Casanare con las comunidades del sur del Departamento, \u00a0se concreta la construcci\u00f3n y fortalecimiento de infraestructura en este Municipio, mejorando \u00a0las coberturas del SENA y ampliando los programas de formaci\u00f3n t\u00e9cnica y tecnol\u00f3gica, y dejando un valioso instrumento para potenciar la vocaci\u00f3n productiva y tur\u00edstica de la zona sur de Casanare.<\/p>\n<p><strong>Fuente y Fotograf\u00eda Gobernaci\u00f3n d<\/strong>e <strong>Casanare.<\/strong><\/p>\n","protected":false},"excerpt":{"rendered":"<p>Bajo mandato de la primera autoridad del Departamento Barrera Rodr\u00edguez se siguen viabilizando proyectos en obras \u00a0que sembrar\u00e1n progreso y desarrollo a la comunidad casanare\u00f1a. Este jueves 11 de abril \u00a0tras importante sesi\u00f3n de OCAD Departamental, se aprob\u00f3 un proyecto de gran trascendencia e impacto para el bienestar y progreso de las comunidades del sur [&hellip;]<\/p>\n","protected":false},"author":1,"featured_media":0,"comment_status":"closed","ping_status":"closed","sticky":false,"template":"","format":"standard","meta":{"footnotes":""},"categories":[2,66,8492,5476],"tags":[8709,915,332,1171,5186,1067,238,637],"class_list":["post-21365","post","type-post","status-publish","format-standard","hentry","category-casanare","category-destacadas","category-noticias-casanare","category-politica","tag-aprobacion-de-proyecto","tag-educacion","tag-gobernacion-de-casanare","tag-infraestructura","tag-monterey","tag-ocad","tag-radio-noticias-casanare","tag-sena"],"_links":{"self":[{"href":"https:\/\/radionoticiascasanare.com\/inicio\/wp-json\/wp\/v2\/posts\/21365","targetHints":{"allow":["GET"]}}],"collection":[{"href":"https:\/\/radionoticiascasanare.com\/inicio\/wp-json\/wp\/v2\/posts"}],"about":[{"href":"https:\/\/radionoticiascasanare.com\/inicio\/wp-json\/wp\/v2\/types\/post"}],"author":[{"embeddable":true,"href":"https:\/\/radionoticiascasanare.com\/inicio\/wp-json\/wp\/v2\/users\/1"}],"replies":[{"embeddable":true,"href":"https:\/\/radionoticiascasanare.com\/inicio\/wp-json\/wp\/v2\/comments?post=21365"}],"version-history":[{"count":0,"href":"https:\/\/radionoticiascasanare.com\/inicio\/wp-json\/wp\/v2\/posts\/21365\/revisions"}],"wp:attachment":[{"href":"https:\/\/radionoticiascasanare.com\/inicio\/wp-json\/wp\/v2\/media?parent=21365"}],"wp:term":[{"taxonomy":"category","embeddable":true,"href":"https:\/\/radionoticiascasanare.com\/inicio\/wp-json\/wp\/v2\/categories?post=21365"},{"taxonomy":"post_tag","embeddable":true,"href":"https:\/\/radionoticiascasanare.com\/inicio\/wp-json\/wp\/v2\/tags?post=21365"}],"curies":[{"name":"wp","href":"https:\/\/api.w.org\/{rel}","templated":true}]}}