{"id":21517,"date":"2019-04-29T05:18:13","date_gmt":"2019-04-29T10:18:13","guid":{"rendered":"https:\/\/radionoticiascasanare.com\/inicio\/?p=21517"},"modified":"2019-04-29T05:18:13","modified_gmt":"2019-04-29T10:18:13","slug":"hoy-sera-la-socializacion-de-la-construccion-del-cdi-en-aguazul","status":"publish","type":"post","link":"https:\/\/radionoticiascasanare.com\/inicio\/hoy-sera-la-socializacion-de-la-construccion-del-cdi-en-aguazul\/","title":{"rendered":"Hoy ser\u00e1 la socializaci\u00f3n de la construcci\u00f3n del CDI en Aguazul"},"content":{"rendered":"<p style=\"font-weight: 400;\"><img decoding=\"async\" class=\"wp-image-3746 aligncenter\" src=\"https:\/\/radionoticiascasanare.com\/inicio\/wp-content\/uploads\/2016\/04\/palacio-mpal-aguazul.jpg\" alt=\"\" width=\"250\" height=\"108\" \/>El Secretario de Obras de Casanare, H\u00e9ctor Miguel Gonz\u00e1lez dar\u00e1 a conocer el impacto de la obra que busca beneficiar a los ni\u00f1os menores de cinco a\u00f1os en la capital arrocera.<\/p>\n<p style=\"font-weight: 400;\">La socializaci\u00f3n ser\u00e1 realizada junto a la firma contratista quien explicar\u00e1 los detalles de la construcci\u00f3n y dotaci\u00f3n de un Centro de Desarrollo Infantil con una inversi\u00f3n de m\u00e1s de $2.600 millones.<\/p>\n<p style=\"font-weight: 400;\">La reuni\u00f3n ser\u00e1 en en el barrio Siete de Agosto a partir de las 3:00 p.m. y contar\u00e1 con la presencia de la comunidad del sector y las autoridades municipales y del Departamento. Este proyecto fue presentado y formulado por la Oficina de Acci\u00f3n Social Departamental, y aprobado por el OCAD departamental.<\/p>\n<p><strong>Fuente y Fotograf\u00eda Gobernaci\u00f3n de Casanare.<\/strong><\/p>\n","protected":false},"excerpt":{"rendered":"<p>El Secretario de Obras de Casanare, H\u00e9ctor Miguel Gonz\u00e1lez dar\u00e1 a conocer el impacto de la obra que busca beneficiar a los ni\u00f1os menores de cinco a\u00f1os en la capital arrocera. La socializaci\u00f3n ser\u00e1 realizada junto a la firma contratista quien explicar\u00e1 los detalles de la construcci\u00f3n y dotaci\u00f3n de un Centro de Desarrollo Infantil [&hellip;]<\/p>\n","protected":false},"author":1,"featured_media":0,"comment_status":"closed","ping_status":"closed","sticky":false,"template":"","format":"standard","meta":{"footnotes":""},"categories":[66,8492,5476],"tags":[239,8811,8812,332,1067,238,2621,4518],"class_list":["post-21517","post","type-post","status-publish","format-standard","hentry","category-destacadas","category-noticias-casanare","category-politica","tag-aguazul","tag-barrio-7-agosto","tag-cdo","tag-gobernacion-de-casanare","tag-ocad","tag-radio-noticias-casanare","tag-secretario-de-obras","tag-socializacion"],"_links":{"self":[{"href":"https:\/\/radionoticiascasanare.com\/inicio\/wp-json\/wp\/v2\/posts\/21517","targetHints":{"allow":["GET"]}}],"collection":[{"href":"https:\/\/radionoticiascasanare.com\/inicio\/wp-json\/wp\/v2\/posts"}],"about":[{"href":"https:\/\/radionoticiascasanare.com\/inicio\/wp-json\/wp\/v2\/types\/post"}],"author":[{"embeddable":true,"href":"https:\/\/radionoticiascasanare.com\/inicio\/wp-json\/wp\/v2\/users\/1"}],"replies":[{"embeddable":true,"href":"https:\/\/radionoticiascasanare.com\/inicio\/wp-json\/wp\/v2\/comments?post=21517"}],"version-history":[{"count":0,"href":"https:\/\/radionoticiascasanare.com\/inicio\/wp-json\/wp\/v2\/posts\/21517\/revisions"}],"wp:attachment":[{"href":"https:\/\/radionoticiascasanare.com\/inicio\/wp-json\/wp\/v2\/media?parent=21517"}],"wp:term":[{"taxonomy":"category","embeddable":true,"href":"https:\/\/radionoticiascasanare.com\/inicio\/wp-json\/wp\/v2\/categories?post=21517"},{"taxonomy":"post_tag","embeddable":true,"href":"https:\/\/radionoticiascasanare.com\/inicio\/wp-json\/wp\/v2\/tags?post=21517"}],"curies":[{"name":"wp","href":"https:\/\/api.w.org\/{rel}","templated":true}]}}