{"id":22286,"date":"2019-06-13T22:11:11","date_gmt":"2019-06-14T03:11:11","guid":{"rendered":"https:\/\/radionoticiascasanare.com\/inicio\/?p=22286"},"modified":"2019-06-13T22:11:11","modified_gmt":"2019-06-14T03:11:11","slug":"esta-sera-la-ruta-de-la-primera-vuelta-colombia-en-casanare","status":"publish","type":"post","link":"https:\/\/radionoticiascasanare.com\/inicio\/esta-sera-la-ruta-de-la-primera-vuelta-colombia-en-casanare\/","title":{"rendered":"Esta ser\u00e1 la Ruta de la Primera Vuelta Colombia en Casanare"},"content":{"rendered":"<p style=\"font-weight: 400;\"><em><img fetchpriority=\"high\" decoding=\"async\" class=\"aligncenter wp-image-22289\" src=\"https:\/\/radionoticiascasanare.com\/inicio\/wp-content\/uploads\/2019\/06\/ETAPAS-VUELTA-COLOMBIA_Mesa-de-trabajo-1-copia-2.jpg\" alt=\"\" width=\"250\" height=\"323\" \/>La\u00a0\u00a0c\u00edclica m\u00e1s importante del pa\u00eds que llevar\u00e1 como nombre Casanare Bicentenario Coldeportes, defini\u00f3 su recorrido por los municipios de Yopal, Paz de Ariporo, Pore y Aguazul.<\/em><\/p>\n<p style=\"font-weight: 400;\">\n<p style=\"font-weight: 400;\">Tras seguimiento de primera mano de autoridades y la Administraci\u00f3n Departamental al estado de las v\u00edas por donde se traz\u00f3 el recorrido, de la Vuelta Colombia Casanare Bicentenario Coldeportes 2019,la Federaci\u00f3n Nacional de Ciclismo, Coldeportes e Indercas entregaron un parte de tranquilidad, sobre el \u00f3ptimo estado de las v\u00edas y se defini\u00f3 el recorrido de la siguiente manera:<\/p>\n<p style=\"font-weight: 400;\"><strong>\u00a0<\/strong><\/p>\n<p style=\"font-weight: 400;\"><strong>15 de Junio -Presentaci\u00f3n de equipos<\/strong><\/p>\n<p style=\"font-weight: 400;\"><strong>\u00a0<\/strong><\/p>\n<p style=\"font-weight: 400;\">3:00 p.m. Presentaci\u00f3n de equipos profesionales en la plazoleta de Unicentro.<\/p>\n<p style=\"font-weight: 400;\"><strong>\u00a0<\/strong><\/p>\n<p style=\"font-weight: 400;\"><strong>16 de junio &#8211; Pr\u00f3logo<\/strong><\/p>\n<p style=\"font-weight: 400;\">\n<p style=\"font-weight: 400;\">1:00 p.m. Pr\u00f3logo de 7 km con salida en la cra 29 con calle 15 y llegada a Unicentro a las 5:00 p.m. (ver gr\u00e1fica de recorrido).<img decoding=\"async\" class=\"aligncenter wp-image-22287\" src=\"https:\/\/radionoticiascasanare.com\/inicio\/wp-content\/uploads\/2019\/06\/ETAPAS-VUELTA-COLOMBIA_Mesa-de-trabajo-1.jpg\" alt=\"\" width=\"200\" height=\"259\" \/><\/p>\n<p style=\"font-weight: 400;\">\n<p style=\"font-weight: 400;\"><strong>17 de junio -1ra Etapa<\/strong><\/p>\n<p style=\"font-weight: 400;\"><strong>\u00a0<\/strong><\/p>\n<p style=\"font-weight: 400;\">9:00 a.m. Recorrido de inicio en el parque principal de Pore, 144,3 km pasando por los municipios de Paz de Ariporo y regresando a Pore, Nunch\u00eda &#8211; La Yopalosa, Yopal y llegando al parque central de Aguazul a las 12:30 p.m.\u00a0<strong>(Ver gr\u00e1fica de recorrido)<\/strong><\/p>\n<p style=\"font-weight: 400;\"><strong> <img decoding=\"async\" class=\"aligncenter wp-image-22288\" src=\"https:\/\/radionoticiascasanare.com\/inicio\/wp-content\/uploads\/2019\/06\/ETAPAS-VUELTA-COLOMBIA_Mesa-de-trabajo-1-copia.jpg\" alt=\"\" width=\"200\" height=\"259\" \/><\/strong><\/p>\n<p style=\"font-weight: 400;\">Se recomienda a la comunidad en general tener en cuenta el cierre de v\u00edas que est\u00e1n programadas en el recorrido de cada d\u00eda.<\/p>\n<p style=\"font-weight: 400;\">\n<p style=\"font-weight: 400;\">Con lo anterior, el Comit\u00e9 T\u00e9cnico da por definido y oficial el cronograma del evento, logrando posicionar a Casanare como puerta del ciclismo colombiano en esta versi\u00f3n 69, en honor a los protagonistas del gran Bicentenario de Colombia, los llaneros y lanceros de la patria.<\/p>\n<p><strong>Fuente y Fotograf\u00eda Gobernaci\u00f3n de Casanare<\/strong><\/p>\n","protected":false},"excerpt":{"rendered":"<p>La\u00a0\u00a0c\u00edclica m\u00e1s importante del pa\u00eds que llevar\u00e1 como nombre Casanare Bicentenario Coldeportes, defini\u00f3 su recorrido por los municipios de Yopal, Paz de Ariporo, Pore y Aguazul. Tras seguimiento de primera mano de autoridades y la Administraci\u00f3n Departamental al estado de las v\u00edas por donde se traz\u00f3 el recorrido, de la Vuelta Colombia Casanare Bicentenario Coldeportes [&hellip;]<\/p>\n","protected":false},"author":1,"featured_media":0,"comment_status":"closed","ping_status":"closed","sticky":false,"template":"","format":"standard","meta":{"footnotes":""},"categories":[2,56,66],"tags":[239,1565,348,332,7,76,238,9106,16],"class_list":["post-22286","post","type-post","status-publish","format-standard","hentry","category-casanare","category-deportes","category-destacadas","tag-aguazul","tag-coldeportes","tag-deportes","tag-gobernacion-de-casanare","tag-paz-de-ariporo","tag-pore","tag-radio-noticias-casanare","tag-version-69-de-vuelta-colombia-casanare-bicentenario","tag-yopal"],"_links":{"self":[{"href":"https:\/\/radionoticiascasanare.com\/inicio\/wp-json\/wp\/v2\/posts\/22286","targetHints":{"allow":["GET"]}}],"collection":[{"href":"https:\/\/radionoticiascasanare.com\/inicio\/wp-json\/wp\/v2\/posts"}],"about":[{"href":"https:\/\/radionoticiascasanare.com\/inicio\/wp-json\/wp\/v2\/types\/post"}],"author":[{"embeddable":true,"href":"https:\/\/radionoticiascasanare.com\/inicio\/wp-json\/wp\/v2\/users\/1"}],"replies":[{"embeddable":true,"href":"https:\/\/radionoticiascasanare.com\/inicio\/wp-json\/wp\/v2\/comments?post=22286"}],"version-history":[{"count":0,"href":"https:\/\/radionoticiascasanare.com\/inicio\/wp-json\/wp\/v2\/posts\/22286\/revisions"}],"wp:attachment":[{"href":"https:\/\/radionoticiascasanare.com\/inicio\/wp-json\/wp\/v2\/media?parent=22286"}],"wp:term":[{"taxonomy":"category","embeddable":true,"href":"https:\/\/radionoticiascasanare.com\/inicio\/wp-json\/wp\/v2\/categories?post=22286"},{"taxonomy":"post_tag","embeddable":true,"href":"https:\/\/radionoticiascasanare.com\/inicio\/wp-json\/wp\/v2\/tags?post=22286"}],"curies":[{"name":"wp","href":"https:\/\/api.w.org\/{rel}","templated":true}]}}