{"id":22294,"date":"2019-06-13T22:35:30","date_gmt":"2019-06-14T03:35:30","guid":{"rendered":"https:\/\/radionoticiascasanare.com\/inicio\/?p=22294"},"modified":"2019-06-13T22:35:30","modified_gmt":"2019-06-14T03:35:30","slug":"en-tauramena-sujeto-fue-condenado-por-hurto","status":"publish","type":"post","link":"https:\/\/radionoticiascasanare.com\/inicio\/en-tauramena-sujeto-fue-condenado-por-hurto\/","title":{"rendered":"En Tauramena, sujeto fue condenado por hurto"},"content":{"rendered":"<p><span><img decoding=\"async\" class=\"aligncenter wp-image-22295\" src=\"https:\/\/radionoticiascasanare.com\/inicio\/wp-content\/uploads\/2019\/06\/Screenshot_20190613-223052_1.png\" alt=\"\" width=\"250\" height=\"183\" \/>El Juzgado Primero Promiscuo Municipal de Monterrey, <\/span>profiri\u00f3 sentencia condenatoria a una pena 54 meses de prisi\u00f3n en contra de Jos\u00e9 Abel Rodr\u00edguez S\u00e1nchez, por el delito de Hurto Calificado y Agravado.<\/p>\n<p>De acuerdo a lo informado por\u00a0 la Fiscal\u00eda, en febrero de 2019, el sujeto fue capturado en flagrancia, luego de haber ingresado a una finca del municipio de Tauramena y hurtar unos elementos de la vivienda. Los habitantes del sector se dieron cuenta del hecho\u00a0 informando al due\u00f1o de la finca y a las autoridades lograron su captura.<\/p>\n<p>El hoy condenado se encuentra privado de la libertad en la c\u00e1rcel de Combita, Boyac\u00e1.<\/p>\n<p><strong>Fuente y Fotograf\u00eda Fiscal\u00eda<\/strong><\/p>\n","protected":false},"excerpt":{"rendered":"<p>El Juzgado Primero Promiscuo Municipal de Monterrey, profiri\u00f3 sentencia condenatoria a una pena 54 meses de prisi\u00f3n en contra de Jos\u00e9 Abel Rodr\u00edguez S\u00e1nchez, por el delito de Hurto Calificado y Agravado. De acuerdo a lo informado por\u00a0 la Fiscal\u00eda, en febrero de 2019, el sujeto fue capturado en flagrancia, luego de haber ingresado a [&hellip;]<\/p>\n","protected":false},"author":1,"featured_media":0,"comment_status":"closed","ping_status":"closed","sticky":false,"template":"","format":"standard","meta":{"footnotes":""},"categories":[2,66,27],"tags":[193,9346,9197,50,363,277,9347,196,238,29],"class_list":["post-22294","post","type-post","status-publish","format-standard","hentry","category-casanare","category-destacadas","category-judicial","tag-boyaca","tag-carcel-combita","tag-condenado","tag-fiscalia","tag-hurto","tag-judicial","tag-juzgado-primero-promiscuo-municipal-de-monterrey","tag-policia","tag-radio-noticias-casanare","tag-tauramena"],"_links":{"self":[{"href":"https:\/\/radionoticiascasanare.com\/inicio\/wp-json\/wp\/v2\/posts\/22294","targetHints":{"allow":["GET"]}}],"collection":[{"href":"https:\/\/radionoticiascasanare.com\/inicio\/wp-json\/wp\/v2\/posts"}],"about":[{"href":"https:\/\/radionoticiascasanare.com\/inicio\/wp-json\/wp\/v2\/types\/post"}],"author":[{"embeddable":true,"href":"https:\/\/radionoticiascasanare.com\/inicio\/wp-json\/wp\/v2\/users\/1"}],"replies":[{"embeddable":true,"href":"https:\/\/radionoticiascasanare.com\/inicio\/wp-json\/wp\/v2\/comments?post=22294"}],"version-history":[{"count":0,"href":"https:\/\/radionoticiascasanare.com\/inicio\/wp-json\/wp\/v2\/posts\/22294\/revisions"}],"wp:attachment":[{"href":"https:\/\/radionoticiascasanare.com\/inicio\/wp-json\/wp\/v2\/media?parent=22294"}],"wp:term":[{"taxonomy":"category","embeddable":true,"href":"https:\/\/radionoticiascasanare.com\/inicio\/wp-json\/wp\/v2\/categories?post=22294"},{"taxonomy":"post_tag","embeddable":true,"href":"https:\/\/radionoticiascasanare.com\/inicio\/wp-json\/wp\/v2\/tags?post=22294"}],"curies":[{"name":"wp","href":"https:\/\/api.w.org\/{rel}","templated":true}]}}