{"id":2239,"date":"2016-02-05T12:21:49","date_gmt":"2016-02-05T12:21:49","guid":{"rendered":"http:\/\/radionoticiascasanare.com\/inicio\/?p=2239"},"modified":"2016-02-05T12:21:49","modified_gmt":"2016-02-05T12:21:49","slug":"nueva-incursion-de-presuntos-guerrilleeros-del-eln-en-yopal","status":"publish","type":"post","link":"https:\/\/radionoticiascasanare.com\/inicio\/nueva-incursion-de-presuntos-guerrilleeros-del-eln-en-yopal\/","title":{"rendered":"Nueva incursi\u00f3n de presuntos guerrilleeros del ELN en Yopal"},"content":{"rendered":"<p>En un parqueadero ubicado en inmediaciones a la Central de Abastos de Yopal, registr\u00f3 en la madrugada de este viernes una nueva incursi\u00f3n terrorista y de amedrentamiento al quemar cuatro veh\u00edculos pesados y dejar panfletos de esa organizaci\u00f3n al margen de la ley.<\/p>\n<p>El Comandante de la Polic\u00eda en Casanare, Coronel Ra\u00fal Pardo Casas confirm\u00f3 que sujetos desconocidos irrumpieron en el parqueadero de la empresa Serpet Jr que desarrolla actividades de tratamiento de residuos s\u00f3lidos para la Industria Petrolera que opera en la regi\u00f3n.<\/p>\n<p>El ataque al parecer del ELN afect\u00f3 \u00a0dejando p\u00e9rdidas millonarias al ser incinerados los cabezotes de dos tractomulas, una volqueta y un veh\u00edculo tipo NPR.<\/p>\n<p>El Coronel Pardo Casas formul\u00f3 un llamado a la comunidad para que informe oportunamente a las autoridades sobre personas o situaciones sospechosas que puedan poner en peligro la tranquilidad y la seguridad de la misma comunidad.<\/p>\n<p>Fuente Radio Noticias Casanare &#8211; Fotos Wilson Coba<\/p>\n<p><img fetchpriority=\"high\" decoding=\"async\" class=\"alignnone size-medium wp-image-2241\" src=\"http:\/\/radionoticiascasanare.com\/inicio\/wp-content\/uploads\/2016\/02\/ATENTADO-ELN.-2-320x192.jpg\" alt=\"ATENTADO ELN. 2\" width=\"320\" height=\"192\" \/>\u00a0<img decoding=\"async\" class=\"alignnone size-medium wp-image-2250\" src=\"http:\/\/radionoticiascasanare.com\/inicio\/wp-content\/uploads\/2016\/02\/IMG-20160205-WA0021-320x192.jpg\" alt=\"IMG-20160205-WA0021\" width=\"320\" height=\"192\" \/> <img decoding=\"async\" class=\"alignnone size-medium wp-image-2251\" src=\"http:\/\/radionoticiascasanare.com\/inicio\/wp-content\/uploads\/2016\/02\/ATENTADO-ELN.-3-320x192.jpg\" alt=\"ATENTADO ELN. 3\" width=\"320\" height=\"192\" \/><\/p>\n<p>&nbsp;<\/p>\n<p>&nbsp;<\/p>\n","protected":false},"excerpt":{"rendered":"<p>En un parqueadero ubicado en inmediaciones a la Central de Abastos de Yopal, registr\u00f3 en la madrugada de este viernes una nueva incursi\u00f3n terrorista y de amedrentamiento al quemar cuatro veh\u00edculos pesados y dejar panfletos de esa organizaci\u00f3n al margen de la ley. El Comandante de la Polic\u00eda en Casanare, Coronel Ra\u00fal Pardo Casas confirm\u00f3 [&hellip;]<\/p>\n","protected":false},"author":1,"featured_media":0,"comment_status":"closed","ping_status":"closed","sticky":false,"template":"","format":"standard","meta":{"footnotes":""},"categories":[66,27],"tags":[3,123,14],"class_list":["post-2239","post","type-post","status-publish","format-standard","hentry","category-destacadas","category-judicial","tag-casanare","tag-noticias-casanare","tag-noticias-de-casanare"],"_links":{"self":[{"href":"https:\/\/radionoticiascasanare.com\/inicio\/wp-json\/wp\/v2\/posts\/2239","targetHints":{"allow":["GET"]}}],"collection":[{"href":"https:\/\/radionoticiascasanare.com\/inicio\/wp-json\/wp\/v2\/posts"}],"about":[{"href":"https:\/\/radionoticiascasanare.com\/inicio\/wp-json\/wp\/v2\/types\/post"}],"author":[{"embeddable":true,"href":"https:\/\/radionoticiascasanare.com\/inicio\/wp-json\/wp\/v2\/users\/1"}],"replies":[{"embeddable":true,"href":"https:\/\/radionoticiascasanare.com\/inicio\/wp-json\/wp\/v2\/comments?post=2239"}],"version-history":[{"count":0,"href":"https:\/\/radionoticiascasanare.com\/inicio\/wp-json\/wp\/v2\/posts\/2239\/revisions"}],"wp:attachment":[{"href":"https:\/\/radionoticiascasanare.com\/inicio\/wp-json\/wp\/v2\/media?parent=2239"}],"wp:term":[{"taxonomy":"category","embeddable":true,"href":"https:\/\/radionoticiascasanare.com\/inicio\/wp-json\/wp\/v2\/categories?post=2239"},{"taxonomy":"post_tag","embeddable":true,"href":"https:\/\/radionoticiascasanare.com\/inicio\/wp-json\/wp\/v2\/tags?post=2239"}],"curies":[{"name":"wp","href":"https:\/\/api.w.org\/{rel}","templated":true}]}}