{"id":22420,"date":"2019-06-19T18:27:19","date_gmt":"2019-06-19T23:27:19","guid":{"rendered":"https:\/\/radionoticiascasanare.com\/inicio\/?p=22420"},"modified":"2019-06-19T18:27:19","modified_gmt":"2019-06-19T23:27:19","slug":"la-diputada-sonia-bernal-renuncio-a-su-curul-y-formalizo-su-aspiracion-a-la-gobernacion-de-casanare","status":"publish","type":"post","link":"https:\/\/radionoticiascasanare.com\/inicio\/la-diputada-sonia-bernal-renuncio-a-su-curul-y-formalizo-su-aspiracion-a-la-gobernacion-de-casanare\/","title":{"rendered":"La Diputada Sonia Bernal, renunci\u00f3 a su curul y formaliz\u00f3 su aspiraci\u00f3n a la Gobernaci\u00f3n de Casanare"},"content":{"rendered":"<p><img decoding=\"async\" class=\"aligncenter wp-image-22423\" src=\"https:\/\/radionoticiascasanare.com\/inicio\/wp-content\/uploads\/2019\/06\/IMG-20190619-WA0074.jpg\" alt=\"\" width=\"250\" height=\"147\" \/>En la noche de este Martes la Diputada Sonia Bernal S\u00e1nchez, present\u00f3 ante la plenaria de la Asamblea Departamental, su renuncia irrevocable a su curul, con el fin de iniciar formalmente su campa\u00f1a a la Gobernaci\u00f3n de Casanare.<\/p>\n<p>Bernal S\u00e1nchez Presidenta del Partido de la U en Casanare llevaba ocho a\u00f1os en la Corporaci\u00f3n Seccional representando su colectividad, en defensa de la mujer, prevenci\u00f3n de accidentes y de los recursos naturales, entre otros temas..<\/p>\n<p>La dirigente pol\u00edtica entreg\u00f3 un balance de la gestion adelantada en la Asamblea Departamental como \u00fanica mujer en la duma durante el periodo 2016- 2019. Desde el primer periodo como Diputada 2012-2015, lider\u00f3 la lucha por la equidad de g\u00e9nero, seguridad vial, para la cual instal\u00f3 dentro de la Agenda P\u00fablica del Departamento; con el objetivo de generar acciones concretas en la reducci\u00f3n de muertes por percances automovil\u00edsticos, agricultura y medio ambiente, educaci\u00f3n, salud, servicios p\u00fablicos entre otros. &#8220;Siempre en busca de soluciones a las problem\u00e1ticas de los 19 municipios de nuestro departamento&#8221;, puntualiz\u00f3 Bernal S\u00e1nchez.<\/p>\n<p>La hoy exdiputada y aspirante a la Gobernaci\u00f3n de Casanare estuvo acompa\u00f1ada por sus familiares y simpatizantes, quienes escucharon a cada uno de los diputados expresar palabras de agradecimiento y buenos deseos a Bernal en su nuevo proyecto de su vida pol\u00edtica.<\/p>\n<p>Finalmente la exdiputada expres\u00f3, &#8220;en esta oportunidad para reiterar, una vez m\u00e1s, el agradecimiento a todos mis colegas y compa\u00f1eros de la corporaci\u00f3n, que durante estos a\u00f1os hicieron parte de mi crecimiento pol\u00edtico, as\u00ed como mi gratitud infinita a Dios Todopoderoso, mi familia, mi esposo, mi electorado y al pueblo de mi amado Casanare&#8221;.<\/p>\n<p><strong>Fuente y Fotograf\u00eda Radio Noticias Casanare.<\/strong><\/p>\n","protected":false},"excerpt":{"rendered":"<p>En la noche de este Martes la Diputada Sonia Bernal S\u00e1nchez, present\u00f3 ante la plenaria de la Asamblea Departamental, su renuncia irrevocable a su curul, con el fin de iniciar formalmente su campa\u00f1a a la Gobernaci\u00f3n de Casanare. Bernal S\u00e1nchez Presidenta del Partido de la U en Casanare llevaba ocho a\u00f1os en la Corporaci\u00f3n Seccional [&hellip;]<\/p>\n","protected":false},"author":1,"featured_media":0,"comment_status":"closed","ping_status":"closed","sticky":false,"template":"","format":"standard","meta":{"footnotes":""},"categories":[2,8492,5476],"tags":[3,5918,8325,332,3388,5083,9412,238,9413,9414],"class_list":["post-22420","post","type-post","status-publish","format-standard","hentry","category-casanare","category-noticias-casanare","category-politica","tag-casanare","tag-curul","tag-diputada","tag-gobernacion-de-casanare","tag-partido-de-la-u","tag-politica","tag-precandidata","tag-radio-noticias-casanare","tag-renuncio","tag-sonia-bernal"],"_links":{"self":[{"href":"https:\/\/radionoticiascasanare.com\/inicio\/wp-json\/wp\/v2\/posts\/22420","targetHints":{"allow":["GET"]}}],"collection":[{"href":"https:\/\/radionoticiascasanare.com\/inicio\/wp-json\/wp\/v2\/posts"}],"about":[{"href":"https:\/\/radionoticiascasanare.com\/inicio\/wp-json\/wp\/v2\/types\/post"}],"author":[{"embeddable":true,"href":"https:\/\/radionoticiascasanare.com\/inicio\/wp-json\/wp\/v2\/users\/1"}],"replies":[{"embeddable":true,"href":"https:\/\/radionoticiascasanare.com\/inicio\/wp-json\/wp\/v2\/comments?post=22420"}],"version-history":[{"count":0,"href":"https:\/\/radionoticiascasanare.com\/inicio\/wp-json\/wp\/v2\/posts\/22420\/revisions"}],"wp:attachment":[{"href":"https:\/\/radionoticiascasanare.com\/inicio\/wp-json\/wp\/v2\/media?parent=22420"}],"wp:term":[{"taxonomy":"category","embeddable":true,"href":"https:\/\/radionoticiascasanare.com\/inicio\/wp-json\/wp\/v2\/categories?post=22420"},{"taxonomy":"post_tag","embeddable":true,"href":"https:\/\/radionoticiascasanare.com\/inicio\/wp-json\/wp\/v2\/tags?post=22420"}],"curies":[{"name":"wp","href":"https:\/\/api.w.org\/{rel}","templated":true}]}}