{"id":22833,"date":"2019-07-17T05:53:41","date_gmt":"2019-07-17T10:53:41","guid":{"rendered":"https:\/\/radionoticiascasanare.com\/inicio\/?p=22833"},"modified":"2019-07-17T05:53:41","modified_gmt":"2019-07-17T10:53:41","slug":"politica-publica-de-prevencion-del-consumo-de-sustancias-psicoactivas-y-la-proteccion-al-habitante-de-calle-en-yopal","status":"publish","type":"post","link":"https:\/\/radionoticiascasanare.com\/inicio\/politica-publica-de-prevencion-del-consumo-de-sustancias-psicoactivas-y-la-proteccion-al-habitante-de-calle-en-yopal\/","title":{"rendered":"Pol\u00edtica p\u00fablica de prevenci\u00f3n del consumo de sustancias psicoactivas y la protecci\u00f3n al habitante de calle en Yopal"},"content":{"rendered":"<p>Por iniciativa del Concejo de Yopal se desarroll\u00f3 una mesa de discusi\u00f3n para nutrir el documento que fue radicado en la Corporaci\u00f3n Municipal, con el fin de aprobar la pol\u00edtica p\u00fablica de prevenci\u00f3n del consumo de sustancias psicoactivas y la protecci\u00f3n al habitante de calle en Yopal.<img decoding=\"async\" class=\"aligncenter wp-image-22834\" src=\"https:\/\/radionoticiascasanare.com\/inicio\/wp-content\/uploads\/2019\/07\/FB_IMG_1563360665661.jpg\" alt=\"\" width=\"250\" height=\"167\" \/><\/p>\n<p>Aunque en el 2015 se aprob\u00f3 la pol\u00edtica p\u00fablica de salud mental, la prevenci\u00f3n del consumo de sustancias psicoactivas era solo un cap\u00edtulo y ahora viendo el elevado n\u00famero de casos que afectan a ni\u00f1os, j\u00f3venes y adultos, desde el Concejo de Yopal, se vio la necesidad de encaminar mayores esfuerzos para mitigar esta problem\u00e1tica.<\/p>\n<p>\u201cEsperamos aportar al proyecto que ya est\u00e1 radicado en el Concejo\u00a0\u00a0de Yopal, para que la administraci\u00f3n articule las acciones de las diferentes dependencias entre las que se encuentran gobierno, salud, acci\u00f3n social y planeaci\u00f3n, entre otras\u201d, se\u00f1al\u00f3 el concejal Heyder Silva.<\/p>\n<p>Mientras que el concejal Alexander Garc\u00eda dijo que es fundamental unir esfuerzos para evitar que m\u00e1s personas caigan en este flagelo y adem\u00e1s, se\u00f1al\u00f3 que se debe seguir luchando contra el delito del microtr\u00e1fico.<\/p>\n<p>Para el concejal Epamin\u00f3ndas C\u00f3rdoba, despu\u00e9s de esta mesa de discucisi\u00f3n con la Alcald\u00eda de Yopal, la Personer\u00eda, funcionarios del Hospital de Yopal y de fundaciones que trabajan en la prevenci\u00f3n del consumo de sustancias psicoactivas, se proceder\u00e1 a dar el primer debate a este proyecto de acuerdo.<\/p>\n<p>Los autores de este proyecto son los concejales Heyder Silva y Alexander Garc\u00eda. La Corporaci\u00f3n Municipal asign\u00f3 como ponente al concejal Epamin\u00f3ndas C\u00f3rdoba.<\/p>\n<p><strong>Fuente y Fotograf\u00eda Concejo [quote]blog_quote_content[\/quote]de Yopal.<\/strong><\/p>\n","protected":false},"excerpt":{"rendered":"<p>Por iniciativa del Concejo de Yopal se desarroll\u00f3 una mesa de discusi\u00f3n para nutrir el documento que fue radicado en la Corporaci\u00f3n Municipal, con el fin de aprobar la pol\u00edtica p\u00fablica de prevenci\u00f3n del consumo de sustancias psicoactivas y la protecci\u00f3n al habitante de calle en Yopal. Aunque en el 2015 se aprob\u00f3 la pol\u00edtica [&hellip;]<\/p>\n","protected":false},"author":1,"featured_media":0,"comment_status":"closed","ping_status":"closed","sticky":false,"template":"","format":"standard","meta":{"footnotes":""},"categories":[2,66,5476],"tags":[2297,3797,9611,620,1020,238,16],"class_list":["post-22833","post","type-post","status-publish","format-standard","hentry","category-casanare","category-destacadas","category-politica","tag-concejo","tag-consumo-de-sustancias-psicoactivas","tag-habitante-de-calle-en-yopal","tag-prevencion","tag-proteccion","tag-radio-noticias-casanare","tag-yopal"],"_links":{"self":[{"href":"https:\/\/radionoticiascasanare.com\/inicio\/wp-json\/wp\/v2\/posts\/22833","targetHints":{"allow":["GET"]}}],"collection":[{"href":"https:\/\/radionoticiascasanare.com\/inicio\/wp-json\/wp\/v2\/posts"}],"about":[{"href":"https:\/\/radionoticiascasanare.com\/inicio\/wp-json\/wp\/v2\/types\/post"}],"author":[{"embeddable":true,"href":"https:\/\/radionoticiascasanare.com\/inicio\/wp-json\/wp\/v2\/users\/1"}],"replies":[{"embeddable":true,"href":"https:\/\/radionoticiascasanare.com\/inicio\/wp-json\/wp\/v2\/comments?post=22833"}],"version-history":[{"count":0,"href":"https:\/\/radionoticiascasanare.com\/inicio\/wp-json\/wp\/v2\/posts\/22833\/revisions"}],"wp:attachment":[{"href":"https:\/\/radionoticiascasanare.com\/inicio\/wp-json\/wp\/v2\/media?parent=22833"}],"wp:term":[{"taxonomy":"category","embeddable":true,"href":"https:\/\/radionoticiascasanare.com\/inicio\/wp-json\/wp\/v2\/categories?post=22833"},{"taxonomy":"post_tag","embeddable":true,"href":"https:\/\/radionoticiascasanare.com\/inicio\/wp-json\/wp\/v2\/tags?post=22833"}],"curies":[{"name":"wp","href":"https:\/\/api.w.org\/{rel}","templated":true}]}}