{"id":22998,"date":"2019-07-25T20:04:00","date_gmt":"2019-07-26T01:04:00","guid":{"rendered":"https:\/\/radionoticiascasanare.com\/inicio\/?p=22998"},"modified":"2019-07-25T20:04:00","modified_gmt":"2019-07-26T01:04:00","slug":"dan-a-conocer-las-normas-reglamentarias-sobre-publicidad-electoral-de-cara-a-comicios-del-27-de-octubre-proximo","status":"publish","type":"post","link":"https:\/\/radionoticiascasanare.com\/inicio\/dan-a-conocer-las-normas-reglamentarias-sobre-publicidad-electoral-de-cara-a-comicios-del-27-de-octubre-proximo\/","title":{"rendered":"Dan a conocer las normas reglamentarias sobre publicidad electoral, de cara a comicios del 27 de octubre pr\u00f3ximo"},"content":{"rendered":"<p class=\"m_4634359056923725717gmail-MsoNoSpacing\"><img fetchpriority=\"high\" decoding=\"async\" class=\"aligncenter wp-image-23003\" src=\"https:\/\/radionoticiascasanare.com\/inicio\/wp-content\/uploads\/2019\/07\/Screenshot_20190725-181537_1.png\" alt=\"\" width=\"250\" height=\"356\" \/> <img decoding=\"async\" class=\"aligncenter wp-image-23006\" src=\"https:\/\/radionoticiascasanare.com\/inicio\/wp-content\/uploads\/2019\/07\/Screenshot_20190725-181530_1.png\" alt=\"\" width=\"250\" height=\"356\" \/><\/p>\n<p class=\"m_4634359056923725717gmail-MsoNoSpacing\">El Gerente del Instituto de Desarrollo Urbano y Rural de Yopal &#8211; IDURY, Ricardo Corso Buitrago, informa\u00a0 a los miembros de todos los partidos y movimientos pol\u00edticos y sociales, grupos significativos de ciudadanos y candidatos que van a aspirar a cargos de elecci\u00f3n popular en los comicios del 27 de octubre pr\u00f3ximo, que ya pueden consultar el Decreto N\u00b0 1000.97-169 del 19 de Julio de los corrientes, \u201cpor medio del cual se adoptan las normas reglamentarias sobre la publicidad pol\u00edtica electoral, para la realizaci\u00f3n de las elecciones del a\u00f1o 2019, para Gobernador, Alcaldes, Diputados, Concejales y Juntas Administradoras Locales y se dictan otras disposiciones\u201d.<\/p>\n<p class=\"m_4634359056923725717gmail-MsoNoSpacing\">\n<p class=\"m_4634359056923725717gmail-MsoNoSpacing\">La socializaci\u00f3n del Decreto se hace con el fin de que los interesados en participar en procesos electorales en los diferentes cargos de elecci\u00f3n popular, tengan pleno conocimiento del tr\u00e1mite de permisos de publicidad pol\u00edtica electoral que deben adelantar\u00a0 ante el IDURY, los cuales deber\u00e1n ser tramitados antes de fijar la publicidad, so pena de incurrir en las diferentes sanciones a que hace menci\u00f3n el presente acto administrativo y las normas concordantes.<\/p>\n<p class=\"m_4634359056923725717gmail-MsoNoSpacing\">\n<p class=\"m_4634359056923725717gmail-MsoNoSpacing\">As\u00ed las cosas, podr\u00e1 colocarse publicidad exterior visual, la cual se reglamenta en este Decreto, en todos los lugares del municipio de Yopal, salvo en los siguientes:<\/p>\n<p class=\"m_4634359056923725717gmail-MsoNoSpacing\">\n<p class=\"m_4634359056923725717gmail-MsoNoSpacing\">1.\u00a0\u00a0\u00a0 En las \u00e1reas que constituyen espacio p\u00fablico, de conformidad con las normas municipales que se expidan con fundamento en la Ley 9 de 1989 o de las normas que la modifiquen o sustituyan. Sin embargo, podr\u00e1 colocarse publicidad exterior visual en los recintos destinados a la presentaci\u00f3n de espect\u00e1culos p\u00fablicos, en las paradas de veh\u00edculos de transporte p\u00fablico y dem\u00e1s elementos de amoblamiento urbano en las condiciones que determinen las autoridades municipales, que ejerzan el control y vigilancia de estas actividades.<\/p>\n<p class=\"m_4634359056923725717gmail-MsoNoSpacing\">\n<p class=\"m_4634359056923725717gmail-MsoNoSpacing\">2.\u00a0\u00a0\u00a0 Dentro de los doscientos (200) metros de distancia de los bienes declarados Monumentos nacionales.<\/p>\n<p class=\"m_4634359056923725717gmail-MsoNoSpacing\">\n<p class=\"m_4634359056923725717gmail-MsoNoSpacing\">3.\u00a0\u00a0\u00a0 Donde lo haya prohibido el Concejo Municipal, conforme a los numerales 7 y 9 del art\u00edculo 313 Constituci\u00f3n Nacional.<\/p>\n<p class=\"m_4634359056923725717gmail-MsoNoSpacing\">\n<p class=\"m_4634359056923725717gmail-MsoNoSpacing\">4.\u00a0\u00a0\u00a0 En propiedad privada, sin consentimiento del propietario o poseedor del bien.<\/p>\n<p class=\"m_4634359056923725717gmail-MsoNoSpacing\">\n<p class=\"m_4634359056923725717gmail-MsoNoSpacing\">5.\u00a0\u00a0\u00a0 Sobre la infraestructura, tales como postes de apoyo a las redes el\u00e9ctricas y telef\u00f3nicas, puentes, torres el\u00e9ctricas y cualquier otra estructura de propiedad del Estado.<\/p>\n<p class=\"m_4634359056923725717gmail-MsoNoSpacing\">\n<p class=\"m_4634359056923725717gmail-MsoNoSpacing\">6.\u00a0\u00a0\u00a0 Espacios recreativos y p\u00fablicos.<\/p>\n<p class=\"m_4634359056923725717gmail-MsoNoSpacing\">\n<p class=\"m_4634359056923725717gmail-MsoNoSpacing\">7.\u00a0\u00a0\u00a0 Veh\u00edculos de transporte p\u00fablico.<\/p>\n<p class=\"m_4634359056923725717gmail-MsoNoSpacing\">\n<p class=\"m_4634359056923725717gmail-MsoNoSpacing\">\n<p class=\"m_4634359056923725717gmail-MsoNoSpacing\">Cu\u00f1as radiales:<\/p>\n<p class=\"m_4634359056923725717gmail-MsoNoSpacing\">\n<p class=\"m_4634359056923725717gmail-MsoNoSpacing\">Los partidos y movimientos pol\u00edticos, movimientos sociales y grupos significativos de ciudadanos en las elecciones para Alcaldes, Diputados, Concejales y Juntas Administradoras Locales del 27 de octubre, tendr\u00e1n derecho a hasta 40 cu\u00f1as radiales diarias, cada una de hasta 20 segundos, que distribuir\u00e1n libremente en las radiodifusoras con cubrimiento en el municipio de Yopal. Las cu\u00f1as no emitidas no ser\u00e1n acumuladas para otros d\u00edas.<\/p>\n<p class=\"m_4634359056923725717gmail-MsoNoSpacing\">\n<p class=\"m_4634359056923725717gmail-MsoNoSpacing\">Publicaciones escritas:<\/p>\n<p class=\"m_4634359056923725717gmail-MsoNoSpacing\">\n<p class=\"m_4634359056923725717gmail-MsoNoSpacing\">El Decreto determina que tendr\u00e1n derechos\u00a0 hasta seis (6) avisos diarios, hasta el tama\u00f1o de una hoja por edici\u00f3n. De igual manera se aclara que los no publicados no ser\u00e1n acumulados para otros d\u00edas.<\/p>\n<p class=\"m_4634359056923725717gmail-MsoNoSpacing\">\n<p class=\"m_4634359056923725717gmail-MsoNoSpacing\">Vallas Publicitarias:<\/p>\n<p class=\"m_4634359056923725717gmail-MsoNoSpacing\">\n<p class=\"m_4634359056923725717gmail-MsoNoSpacing\">\u00a0Se se\u00f1ala en ese sentido que se tendr\u00e1 derecho hasta doce (12)\u00a0 vallas publicitarias, las cuales tendr\u00e1n un \u00e1rea m\u00e1xima de cuarenta y ocho (48) metros cuadrados, y deber\u00e1n las siguientes caracter\u00edsticas generales:<\/p>\n<p class=\"m_4634359056923725717gmail-MsoNoSpacing\">\n<p class=\"m_4634359056923725717gmail-MsoNoSpacing\">-Estar montadas sobre estructuras met\u00e1licas u otro material estable con sistema fijo y resistente a los fen\u00f3menos naturales.<\/p>\n<p class=\"m_4634359056923725717gmail-MsoNoSpacing\">\n<p class=\"m_4634359056923725717gmail-MsoNoSpacing\">-Integrarse f\u00edsica, visual, arquitect\u00f3nica y estructuralmente al bien que la soporta.<\/p>\n<p class=\"m_4634359056923725717gmail-MsoNoSpacing\">\n<p class=\"m_4634359056923725717gmail-MsoNoSpacing\">-Puede estar iluminada exterior e interiormente.<\/p>\n<p class=\"m_4634359056923725717gmail-MsoNoSpacing\">\n<p class=\"m_4634359056923725717gmail-MsoNoSpacing\">-En ning\u00fan caso podr\u00e1 utilizarse pintura reflectiva.<\/p>\n<p class=\"m_4634359056923725717gmail-MsoNoSpacing\">\n<p class=\"m_4634359056923725717gmail-MsoNoSpacing\">Previo a su autorizaci\u00f3n por parte del IDURY, las vallas pol\u00edticas podr\u00e1n ubicarse en lotes privados dentro del casco urbano, en los cuales no haya desarrollo urban\u00edstico o arquitect\u00f3nico alguno. Las obras en construcci\u00f3n, restauraci\u00f3n, remodelaci\u00f3n, adecuaci\u00f3n o ampliaci\u00f3n del paramento del predio hacia adentro. En las culatas y cubiertas de las edificaciones.<\/p>\n<p class=\"m_4634359056923725717gmail-MsoNoSpacing\">\n<p class=\"m_4634359056923725717gmail-MsoNoSpacing\">La reglamentaci\u00f3n de los dem\u00e1s mecanismos de publicidad pol\u00edtica est\u00e1 contenida\u00a0 en el acto administrativo, expedido por la Alcald\u00eda Municipal, por lo que se invita a los interesados a conocerlo y dar oportuno cumplimiento, conforme a las disposiciones normativas que consagra.<\/p>\n<p><strong>Fuente y fotograf\u00eda Alcald\u00eda de Yopal.<\/strong><\/p>\n","protected":false},"excerpt":{"rendered":"<p>El Gerente del Instituto de Desarrollo Urbano y Rural de Yopal &#8211; IDURY, Ricardo Corso Buitrago, informa\u00a0 a los miembros de todos los partidos y movimientos pol\u00edticos y sociales, grupos significativos de ciudadanos y candidatos que van a aspirar a cargos de elecci\u00f3n popular en los comicios del 27 de octubre pr\u00f3ximo, que ya pueden [&hellip;]<\/p>\n","protected":false},"author":1,"featured_media":0,"comment_status":"closed","ping_status":"closed","sticky":false,"template":"","format":"standard","meta":{"footnotes":""},"categories":[66,5476],"tags":[237,5083,5422,238],"class_list":["post-22998","post","type-post","status-publish","format-standard","hentry","category-destacadas","category-politica","tag-alcaldia-de-yopal","tag-politica","tag-publicidad-politica","tag-radio-noticias-casanare"],"_links":{"self":[{"href":"https:\/\/radionoticiascasanare.com\/inicio\/wp-json\/wp\/v2\/posts\/22998","targetHints":{"allow":["GET"]}}],"collection":[{"href":"https:\/\/radionoticiascasanare.com\/inicio\/wp-json\/wp\/v2\/posts"}],"about":[{"href":"https:\/\/radionoticiascasanare.com\/inicio\/wp-json\/wp\/v2\/types\/post"}],"author":[{"embeddable":true,"href":"https:\/\/radionoticiascasanare.com\/inicio\/wp-json\/wp\/v2\/users\/1"}],"replies":[{"embeddable":true,"href":"https:\/\/radionoticiascasanare.com\/inicio\/wp-json\/wp\/v2\/comments?post=22998"}],"version-history":[{"count":0,"href":"https:\/\/radionoticiascasanare.com\/inicio\/wp-json\/wp\/v2\/posts\/22998\/revisions"}],"wp:attachment":[{"href":"https:\/\/radionoticiascasanare.com\/inicio\/wp-json\/wp\/v2\/media?parent=22998"}],"wp:term":[{"taxonomy":"category","embeddable":true,"href":"https:\/\/radionoticiascasanare.com\/inicio\/wp-json\/wp\/v2\/categories?post=22998"},{"taxonomy":"post_tag","embeddable":true,"href":"https:\/\/radionoticiascasanare.com\/inicio\/wp-json\/wp\/v2\/tags?post=22998"}],"curies":[{"name":"wp","href":"https:\/\/api.w.org\/{rel}","templated":true}]}}