{"id":23009,"date":"2019-07-25T22:09:52","date_gmt":"2019-07-26T03:09:52","guid":{"rendered":"https:\/\/radionoticiascasanare.com\/inicio\/?p=23009"},"modified":"2019-07-25T22:09:52","modified_gmt":"2019-07-26T03:09:52","slug":"realizaran-seguimiento-a-casos-de-intoxicaciones-en-colegio-de-tilodiran","status":"publish","type":"post","link":"https:\/\/radionoticiascasanare.com\/inicio\/realizaran-seguimiento-a-casos-de-intoxicaciones-en-colegio-de-tilodiran\/","title":{"rendered":"Realizaran seguimiento a casos de intoxicaciones en colegio de Tilodir\u00e1n"},"content":{"rendered":"<p class=\"m_5578427583883793314gmail-MsoNoSpacing\"><img decoding=\"async\" class=\"aligncenter wp-image-23011\" src=\"https:\/\/radionoticiascasanare.com\/inicio\/wp-content\/uploads\/2019\/07\/escuela-Tilodir\u00e1n.jpg\" alt=\"\" width=\"250\" height=\"188\" \/>Ante la afectaci\u00f3n que sufrieron un grupo de estudiantes y docentes de la Instituci\u00f3n Educativa La Inmaculada, en el corregimiento Tilodir\u00e1n, el alcalde \u00a0de Yopal Leonardo Puentes Vargas manifest\u00f3 su rechazo total a esta situaci\u00f3n, por un presunto manejo irresponsable de agroqu\u00edmicos desde una avioneta.<\/p>\n<p class=\"m_5578427583883793314gmail-MsoNoSpacing\">En ese sentido, la Secretar\u00eda de Salud Municipal, en cabeza de Juan Francisco Amaya, desplaz\u00f3 un grupo interdisciplinario de profesionales a la zona del colegio donde se dio la afectaci\u00f3n, as\u00ed como a los hospitales regional y local, para evaluar la causa de las intoxicaciones y el grado de afectaci\u00f3n de los escolares y maestros.<\/p>\n<p class=\"m_5578427583883793314gmail-MsoNoSpacing\">De acuerdo al trabajo de campo adelantado por los profesionales de salud se tomar\u00e1n las medidas pertinentes.<\/p>\n<p class=\"m_5578427583883793314gmail-MsoNoSpacing\">Por su parte, la secretaria de Educaci\u00f3n Mar\u00eda Teresa Prieto, indic\u00f3 que se har\u00e1 la suspensi\u00f3n preventiva de clases por un d\u00eda (jueves 25 de julio) de la secci\u00f3n bachillerato de la Instituci\u00f3n Educativa, atendiendo la sugerencia del Cuerpo de Bomberos, que atendi\u00f3 oportunamente la emergencia.<\/p>\n<p class=\"m_5578427583883793314gmail-MsoNoSpacing\">Igualmente se inform\u00f3 a Corporinoquia y al Inspector de Polic\u00eda para que tomen las acciones pertinentes sobre la situaci\u00f3n presentada.<\/p>\n<p class=\"m_5578427583883793314gmail-MsoNoSpacing\"><b>Atenci\u00f3n en salud<\/b><\/p>\n<p class=\"m_5578427583883793314gmail-MsoNoSpacing\"><b>\u00a0<\/b><\/p>\n<p class=\"m_5578427583883793314gmail-MsoNoSpacing\">Por otro lado, en el Hospital Local de Yopal fueron atendidas 7 de las personas afectadas, entre ellos 5 menores y dos adultos, quienes presentabas s\u00edntomas como cefalea, prurito y v\u00f3mito, por lo que fueron atendidos por los profesionales del servicio de urgencias; inform\u00f3 el gerente de la ESE Salud Yopal, Edwin Barrera.<\/p>\n<p class=\"m_5578427583883793314gmail-MsoNoSpacing\">A seis de los pacientes les habr\u00edan dado el alta, mientras una menor permanece en observaci\u00f3n. Otras seis personas fueron atendidas en el Hospital Regional.<\/p>\n<p><strong>Fuente y fotograf\u00eda Alcald\u00eda de Yopal.<\/strong><\/p>\n","protected":false},"excerpt":{"rendered":"<p>Ante la afectaci\u00f3n que sufrieron un grupo de estudiantes y docentes de la Instituci\u00f3n Educativa La Inmaculada, en el corregimiento Tilodir\u00e1n, el alcalde \u00a0de Yopal Leonardo Puentes Vargas manifest\u00f3 su rechazo total a esta situaci\u00f3n, por un presunto manejo irresponsable de agroqu\u00edmicos desde una avioneta. En ese sentido, la Secretar\u00eda de Salud Municipal, en cabeza [&hellip;]<\/p>\n","protected":false},"author":1,"featured_media":0,"comment_status":"closed","ping_status":"closed","sticky":false,"template":"","format":"standard","meta":{"footnotes":""},"categories":[66,168,27],"tags":[2360,94,9662,178,277,238,2421,16],"class_list":["post-23009","post","type-post","status-publish","format-standard","hentry","category-destacadas","category-generales","category-judicial","tag-alcaldia","tag-avioneta","tag-intoxicados","tag-investigacion","tag-judicial","tag-radio-noticias-casanare","tag-tilodiran","tag-yopal"],"_links":{"self":[{"href":"https:\/\/radionoticiascasanare.com\/inicio\/wp-json\/wp\/v2\/posts\/23009","targetHints":{"allow":["GET"]}}],"collection":[{"href":"https:\/\/radionoticiascasanare.com\/inicio\/wp-json\/wp\/v2\/posts"}],"about":[{"href":"https:\/\/radionoticiascasanare.com\/inicio\/wp-json\/wp\/v2\/types\/post"}],"author":[{"embeddable":true,"href":"https:\/\/radionoticiascasanare.com\/inicio\/wp-json\/wp\/v2\/users\/1"}],"replies":[{"embeddable":true,"href":"https:\/\/radionoticiascasanare.com\/inicio\/wp-json\/wp\/v2\/comments?post=23009"}],"version-history":[{"count":0,"href":"https:\/\/radionoticiascasanare.com\/inicio\/wp-json\/wp\/v2\/posts\/23009\/revisions"}],"wp:attachment":[{"href":"https:\/\/radionoticiascasanare.com\/inicio\/wp-json\/wp\/v2\/media?parent=23009"}],"wp:term":[{"taxonomy":"category","embeddable":true,"href":"https:\/\/radionoticiascasanare.com\/inicio\/wp-json\/wp\/v2\/categories?post=23009"},{"taxonomy":"post_tag","embeddable":true,"href":"https:\/\/radionoticiascasanare.com\/inicio\/wp-json\/wp\/v2\/tags?post=23009"}],"curies":[{"name":"wp","href":"https:\/\/api.w.org\/{rel}","templated":true}]}}