{"id":23207,"date":"2019-04-11T07:50:26","date_gmt":"2019-04-11T12:50:26","guid":{"rendered":"https:\/\/radionoticiascasanare.com\/inicio\/?p=23207"},"modified":"2019-04-11T07:50:26","modified_gmt":"2019-04-11T12:50:26","slug":"con-miras-a-las-elecciones-de-octubre-de-2019-en-aguazul-se-integro-comision-de-seguimiento-electoral","status":"publish","type":"post","link":"https:\/\/radionoticiascasanare.com\/inicio\/con-miras-a-las-elecciones-de-octubre-de-2019-en-aguazul-se-integro-comision-de-seguimiento-electoral\/","title":{"rendered":"Con miras a las elecciones de octubre de 2019, en Aguazul se integr\u00f3 Comisi\u00f3n de Seguimiento Electoral"},"content":{"rendered":"<p><img fetchpriority=\"high\" decoding=\"async\" class=\"size-full wp-image-23208 alignleft\" src=\"https:\/\/radionoticiascasanare.com\/inicio\/wp-content\/uploads\/2019\/08\/secretario-de-gobiernio-3.jpg\" alt=\"\" width=\"388\" height=\"201\" \/><\/p>\n<p>Con el fin de establecer una coordinaci\u00f3n y vigilancia del calendario electoral, se instal\u00f3 el Comit\u00e9 Municipal de Seguimiento y Coordinaci\u00f3n de los comicios regionales, que se llevar\u00e1n a cabo el 27 de octubre en todo el pa\u00eds.<\/p>\n<p>El Registrador Municipal, Yoimer Alejandro Castillo Ararat presidi\u00f3 la reuni\u00f3n con las autoridades civiles, de Polic\u00eda, la Personer\u00eda, las Secretar\u00edas de Gobierno, Privado y General de la Administraci\u00f3n Local con la delegaci\u00f3n del Alcalde Renier Pach\u00f3n.<\/p>\n<p>En la Sala de Juntas de la Alcald\u00eda Local se defini\u00f3 la Comisi\u00f3n de Seguimiento Electoral, que tiene como funci\u00f3n coordinar las actividades necesarias para asegurar y garantizar el normal desarrollo de los comicios, el cumplimiento de las garant\u00edas electorales y la salvaguarda de los derechos y deberes de los partidos y movimientos pol\u00edticos.<\/p>\n","protected":false},"excerpt":{"rendered":"<p>Con el fin de establecer una coordinaci\u00f3n y vigilancia del calendario electoral, se instal\u00f3 el Comit\u00e9 Municipal de Seguimiento y Coordinaci\u00f3n de los comicios regionales, que se llevar\u00e1n a cabo el 27 de octubre en todo el pa\u00eds. El Registrador Municipal, Yoimer Alejandro Castillo Ararat presidi\u00f3 la reuni\u00f3n con las autoridades civiles, de Polic\u00eda, la [&hellip;]<\/p>\n","protected":false},"author":1,"featured_media":0,"comment_status":"closed","ping_status":"closed","sticky":false,"template":"","format":"standard","meta":{"footnotes":""},"categories":[2,8492,8493],"tags":[],"class_list":["post-23207","post","type-post","status-publish","format-standard","hentry","category-casanare","category-noticias-casanare","category-noticias-de-casanare"],"_links":{"self":[{"href":"https:\/\/radionoticiascasanare.com\/inicio\/wp-json\/wp\/v2\/posts\/23207","targetHints":{"allow":["GET"]}}],"collection":[{"href":"https:\/\/radionoticiascasanare.com\/inicio\/wp-json\/wp\/v2\/posts"}],"about":[{"href":"https:\/\/radionoticiascasanare.com\/inicio\/wp-json\/wp\/v2\/types\/post"}],"author":[{"embeddable":true,"href":"https:\/\/radionoticiascasanare.com\/inicio\/wp-json\/wp\/v2\/users\/1"}],"replies":[{"embeddable":true,"href":"https:\/\/radionoticiascasanare.com\/inicio\/wp-json\/wp\/v2\/comments?post=23207"}],"version-history":[{"count":0,"href":"https:\/\/radionoticiascasanare.com\/inicio\/wp-json\/wp\/v2\/posts\/23207\/revisions"}],"wp:attachment":[{"href":"https:\/\/radionoticiascasanare.com\/inicio\/wp-json\/wp\/v2\/media?parent=23207"}],"wp:term":[{"taxonomy":"category","embeddable":true,"href":"https:\/\/radionoticiascasanare.com\/inicio\/wp-json\/wp\/v2\/categories?post=23207"},{"taxonomy":"post_tag","embeddable":true,"href":"https:\/\/radionoticiascasanare.com\/inicio\/wp-json\/wp\/v2\/tags?post=23207"}],"curies":[{"name":"wp","href":"https:\/\/api.w.org\/{rel}","templated":true}]}}