{"id":23451,"date":"2019-08-13T12:07:36","date_gmt":"2019-08-13T17:07:36","guid":{"rendered":"https:\/\/radionoticiascasanare.com\/inicio\/?p=23451"},"modified":"2019-08-13T12:07:36","modified_gmt":"2019-08-13T17:07:36","slug":"23451-2","status":"publish","type":"post","link":"https:\/\/radionoticiascasanare.com\/inicio\/23451-2\/","title":{"rendered":"En Yopal, 10 a\u00f1os de c\u00e1rcel por lesiones con \u00e1cido"},"content":{"rendered":"<p><img decoding=\"async\" class=\"wp-image-23452 alignright\" src=\"https:\/\/radionoticiascasanare.com\/inicio\/wp-content\/uploads\/2019\/08\/WhatsApp-Image-2019-08-13-at-6.43.06-AM.jpeg\" alt=\"\" width=\"250\" height=\"188\" \/>Un juez dict\u00f3 sentencia en contra de David Becerra P\u00e9rez de 23 a\u00f1os, a una pena de 10 a\u00f1os de prisi\u00f3n y una multa de 106.6 smlmv, por el delito de lesiones con agentes qu\u00edmicos, \u00e1cidos y\/o similares, el condenado actualmente se encuentra recluido en la c\u00e1rcel de Conduy del municipio de Florencia Caquet\u00e1.<\/p>\n<p>Seg\u00fan la Direcci\u00f3n de Fiscal\u00edas, los hechos se registraron en Yopal, espec\u00edficamente en la Sede Campestre de la Universidad de la Salle, el pasado 3 de septiembre de 2018 sobre las 7 y 45 de la noche, mientras los alumnos se dispon\u00edan a ingresar a sus habitaciones y la v\u00edctima Duver Alejandro Pinto Ram\u00edrez quien era estudiante para la \u00e9poca de este campus universitario ingres\u00f3 a su habitaci\u00f3n luego de labores pr\u00e1cticas, cuando sinti\u00f3 que golpearon a su puerta, atendi\u00f3 el llamado y al abrir la puerta un sujeto que describi\u00f3 en su momento que iba vestido de negro, botas de caucho color negro, pasamonta\u00f1as y buzo manga larga color negro, sin mediar palabra le arroja una sustancia l\u00edquida en el rostro y emprende la huida por la parte trasera de la universidad, caus\u00e1ndole quemaduras en el rostro y cuerpo, el \u00faltimo dictamen de medicina legal indica una incapacidad m\u00e9dico legal definitiva de 29 d\u00edas, secuelas medico legales deformidad f\u00edsica que afecta el cuerpo y su rostro.<\/p>\n<p>Seg\u00fan se conoci\u00f3 esta agresi\u00f3n habr\u00eda sido motivada por temas de celos, David Becerra (el victimario) hab\u00eda sostenido una relaci\u00f3n con una joven, y luego de varias discusiones y malos entendidos esta relaci\u00f3n amorosa habr\u00eda terminado. Luego este joven se enter\u00f3 que la mujer hab\u00eda iniciado una relaci\u00f3n sentimental con Duver Alejandro Pinto, situaci\u00f3n que despert\u00f3 los celos de David Becerra y termin\u00f3 con este ataque despiadado.<\/p>\n<p>Seg\u00fan el director de Fiscal\u00eda en Casanare, Jhon Fedry Encinales, la colaboraci\u00f3n del gremio de taxistas fue fundamental en el esclarecimiento de los hechos, pues fueron ellos los que informaron a que persona hab\u00edan llevado cerrando la noche hasta esta sede universitaria y a que hora lo hab\u00edan recogido en este mismo sector. De igual manera la fiscal\u00eda realiz\u00f3 seguimiento a la compra del \u00e1cido con el que se afect\u00f3 la vida y la salud de Duver Alejandro.<\/p>\n","protected":false},"excerpt":{"rendered":"<p>Un juez dict\u00f3 sentencia en contra de David Becerra P\u00e9rez de 23 a\u00f1os, a una pena de 10 a\u00f1os de prisi\u00f3n y una multa de 106.6 smlmv, por el delito de lesiones con agentes qu\u00edmicos, \u00e1cidos y\/o similares, el condenado actualmente se encuentra recluido en la c\u00e1rcel de Conduy del municipio de Florencia Caquet\u00e1. Seg\u00fan [&hellip;]<\/p>\n","protected":false},"author":1,"featured_media":0,"comment_status":"closed","ping_status":"closed","sticky":false,"template":"","format":"standard","meta":{"footnotes":""},"categories":[2,66,27],"tags":[9792,9793,3544,3473,50,1816,238,16],"class_list":["post-23451","post","type-post","status-publish","format-standard","hentry","category-casanare","category-destacadas","category-judicial","tag-10-anos","tag-ataque-con-acido","tag-carcel","tag-condena","tag-fiscalia","tag-multa","tag-radio-noticias-casanare","tag-yopal"],"_links":{"self":[{"href":"https:\/\/radionoticiascasanare.com\/inicio\/wp-json\/wp\/v2\/posts\/23451","targetHints":{"allow":["GET"]}}],"collection":[{"href":"https:\/\/radionoticiascasanare.com\/inicio\/wp-json\/wp\/v2\/posts"}],"about":[{"href":"https:\/\/radionoticiascasanare.com\/inicio\/wp-json\/wp\/v2\/types\/post"}],"author":[{"embeddable":true,"href":"https:\/\/radionoticiascasanare.com\/inicio\/wp-json\/wp\/v2\/users\/1"}],"replies":[{"embeddable":true,"href":"https:\/\/radionoticiascasanare.com\/inicio\/wp-json\/wp\/v2\/comments?post=23451"}],"version-history":[{"count":0,"href":"https:\/\/radionoticiascasanare.com\/inicio\/wp-json\/wp\/v2\/posts\/23451\/revisions"}],"wp:attachment":[{"href":"https:\/\/radionoticiascasanare.com\/inicio\/wp-json\/wp\/v2\/media?parent=23451"}],"wp:term":[{"taxonomy":"category","embeddable":true,"href":"https:\/\/radionoticiascasanare.com\/inicio\/wp-json\/wp\/v2\/categories?post=23451"},{"taxonomy":"post_tag","embeddable":true,"href":"https:\/\/radionoticiascasanare.com\/inicio\/wp-json\/wp\/v2\/tags?post=23451"}],"curies":[{"name":"wp","href":"https:\/\/api.w.org\/{rel}","templated":true}]}}