{"id":23718,"date":"2019-08-28T11:15:00","date_gmt":"2019-08-28T16:15:00","guid":{"rendered":"https:\/\/radionoticiascasanare.com\/inicio\/?p=23718"},"modified":"2019-08-28T11:15:00","modified_gmt":"2019-08-28T16:15:00","slug":"la-macarena-primer-municipio-del-meta-en-certificarse-como-destino-turistico-sostenible","status":"publish","type":"post","link":"https:\/\/radionoticiascasanare.com\/inicio\/la-macarena-primer-municipio-del-meta-en-certificarse-como-destino-turistico-sostenible\/","title":{"rendered":"La macarena, primer municipio del meta en certificarse como destino tur\u00edstico sostenible"},"content":{"rendered":"<div id=\"js_73g\" class=\"_5pbx userContent _3576\" data-testid=\"post_message\" data-ft=\"{&quot;tn&quot;:&quot;K&quot;}\">\n<div id=\"id_5d66a5b0cc2034945240367\" class=\"text_exposed_root text_exposed\">\n<p><img decoding=\"async\" class=\"wp-image-23719 alignright\" src=\"https:\/\/radionoticiascasanare.com\/inicio\/wp-content\/uploads\/2019\/08\/69101297_2454883721275645_826140558568194048_o.jpg\" alt=\"\" width=\"250\" height=\"167\" \/>El reconocimiento comprende el \u00e1rea tur\u00edstica del municipio, el cual incluye el Parque de Los Fundadores y Ca\u00f1o Cristales.<\/p>\n<div class=\"text_exposed_show\">\n<p>Con el reconocimiento que recibi\u00f3 esta localidad, ya son 21 los municipios que se hacen acreedores a esa distinci\u00f3n, lo que convierte a ese territorio en referente a nivel nacional. De ese n\u00famero, se destacan por tener esa certificaci\u00f3n el Centro Hist\u00f3rico de Cartagena, La Candelaria, Usiacur\u00ed, M\u00f3mpox (Bol\u00edvar) y Villa de Leyva (Boyac\u00e1).<\/p>\n<p>La Macarena (Meta), este 27 de agosto de 2019.- El viceministro de Turismo, Juli\u00e1n Guerrero Orozco, entreg\u00f3 al municipio de La Macarena el certificado de calidad como destino tur\u00edstico sostenible que le concedi\u00f3 ACERT S.A.<\/p>\n<p>La distinci\u00f3n comprende el \u00e1rea tur\u00edstica de La Macarena, la cual incluye el Parque de Los Fundadores y Ca\u00f1o Cristales. Seg\u00fan el funcionario, \u201cesta norma establece un paquete de requisitos que ayuda a promover buenas pr\u00e1cticas en la dimensi\u00f3n ambiental, sociocultural y econ\u00f3mica, lo cual ayuda a que estos destinos sean mucho m\u00e1s responsables\u201d.<\/p>\n<p>El Ministerio de Comercio, Industria y Turismo, en articulaci\u00f3n con los entes territoriales que quieren potenciar sus mayores atractivos y con los prestadores de servicios, trabaja en acciones que permiten posicionar a Colombia como destino tur\u00edstico sostenible, reconocido por su oferta multicultural, representada en productos y servicios altamente competitivos.<\/p>\n<p>Guerrero invit\u00f3 a las entidades regionales a mantener la certificaci\u00f3n, toda vez que si se incumple con alg\u00fan requisito puede ser revocado su estatus. \u201cUna vez son certificados, se vuelve un reto para todos los actores del sector mantener los criterios bajo los cuales se otorga la categor\u00eda con una vigencia de tres a\u00f1os\u201d, recalc\u00f3.<\/p>\n<p>Esta certificaci\u00f3n, adem\u00e1s de agregarle un valor diferenciador al destino, ayuda a promover el comportamiento responsable de los turistas con c\u00f3digos \u00e9ticos para minimizar el impacto negativo en las comunidades.<\/p>\n<p>De acuerdo con el Viceministro, la certificaci\u00f3n implica que todos los actores se comprometan en el mejoramiento de los servicios, productos y dem\u00e1s actividades, enfocadas en el desarrollo del turismo. Adem\u00e1s, otorga un importante reconocimiento que beneficia el desarrollo econ\u00f3mico de la regi\u00f3n y genera nuevas oportunidades para la competitividad del sector.<\/p>\n<\/div>\n<\/div>\n<\/div>\n<div class=\"_3x-2\" data-ft=\"{&quot;tn&quot;:&quot;H&quot;}\">\n<div data-ft=\"{&quot;tn&quot;:&quot;H&quot;}\">\n<div class=\"mtm\">\n<div class=\"_2a2q _65sr\"><\/div>\n<\/div>\n<\/div>\n<\/div>\n","protected":false},"excerpt":{"rendered":"<p>El reconocimiento comprende el \u00e1rea tur\u00edstica del municipio, el cual incluye el Parque de Los Fundadores y Ca\u00f1o Cristales. Con el reconocimiento que recibi\u00f3 esta localidad, ya son 21 los municipios que se hacen acreedores a esa distinci\u00f3n, lo que convierte a ese territorio en referente a nivel nacional. De ese n\u00famero, se destacan por [&hellip;]<\/p>\n","protected":false},"author":1,"featured_media":0,"comment_status":"closed","ping_status":"closed","sticky":false,"template":"","format":"standard","meta":{"footnotes":""},"categories":[18,66,132],"tags":[938,732,9869,6250,9870,65,9871],"class_list":["post-23718","post","type-post","status-publish","format-standard","hentry","category-cultura","category-destacadas","category-orinoquia","tag-la-macarena","tag-meta","tag-parque-de-los-fundadores-y-cano-cristales","tag-radio-notcias-casanare","tag-sostenible","tag-turismo","tag-viceministro-de-turismo"],"_links":{"self":[{"href":"https:\/\/radionoticiascasanare.com\/inicio\/wp-json\/wp\/v2\/posts\/23718","targetHints":{"allow":["GET"]}}],"collection":[{"href":"https:\/\/radionoticiascasanare.com\/inicio\/wp-json\/wp\/v2\/posts"}],"about":[{"href":"https:\/\/radionoticiascasanare.com\/inicio\/wp-json\/wp\/v2\/types\/post"}],"author":[{"embeddable":true,"href":"https:\/\/radionoticiascasanare.com\/inicio\/wp-json\/wp\/v2\/users\/1"}],"replies":[{"embeddable":true,"href":"https:\/\/radionoticiascasanare.com\/inicio\/wp-json\/wp\/v2\/comments?post=23718"}],"version-history":[{"count":0,"href":"https:\/\/radionoticiascasanare.com\/inicio\/wp-json\/wp\/v2\/posts\/23718\/revisions"}],"wp:attachment":[{"href":"https:\/\/radionoticiascasanare.com\/inicio\/wp-json\/wp\/v2\/media?parent=23718"}],"wp:term":[{"taxonomy":"category","embeddable":true,"href":"https:\/\/radionoticiascasanare.com\/inicio\/wp-json\/wp\/v2\/categories?post=23718"},{"taxonomy":"post_tag","embeddable":true,"href":"https:\/\/radionoticiascasanare.com\/inicio\/wp-json\/wp\/v2\/tags?post=23718"}],"curies":[{"name":"wp","href":"https:\/\/api.w.org\/{rel}","templated":true}]}}