{"id":24158,"date":"2019-09-16T08:42:16","date_gmt":"2019-09-16T13:42:16","guid":{"rendered":"https:\/\/radionoticiascasanare.com\/inicio\/?p=24158"},"modified":"2019-09-16T08:42:16","modified_gmt":"2019-09-16T13:42:16","slug":"inconformismo-en-la-vereda-balconcitos-de-yopal","status":"publish","type":"post","link":"https:\/\/radionoticiascasanare.com\/inicio\/inconformismo-en-la-vereda-balconcitos-de-yopal\/","title":{"rendered":"Inconformismo en la vereda Balconcitos de Yopal"},"content":{"rendered":"<p style=\"font-weight: 400;\"><img decoding=\"async\" class=\"wp-image-24159 alignleft\" src=\"https:\/\/radionoticiascasanare.com\/inicio\/wp-content\/uploads\/2019\/09\/Reuni\u00f3n-Balconcitos-4.jpeg\" alt=\"\" width=\"250\" height=\"167\" \/>Con el fin de conocer en primera mano las solicitudes que motivaron la movilizaci\u00f3n instalada en la v\u00eda de acceso hacia el monumento de la Virgen de Manare, el alcalde de Yopal, Leonardo Puentes, acudi\u00f3 al sector de Balconcitos en aras de dialogar \u00a0con sus habitantes, con quienes se analizaron las instancias de posibles soluciones a sus necesidades y se accedi\u00f3 a levantar la movilizaci\u00f3n y darle v\u00eda libre al tr\u00e1nsito de veh\u00edculos.<\/p>\n<p style=\"font-weight: 400;\">Durante la reuni\u00f3n los moradores expresaron dificultades por falta de servicios, como el acueducto, gasificaci\u00f3n, mantenimiento en la v\u00eda, entre otros, que ser\u00e1n nuevamente abordados en una mesa de trabajo que tendr\u00e1 lugar hoy lunes a las 11:00 a.m., en la Gobernaci\u00f3n de Casanare, donde tambi\u00e9n se espera contar con la participaci\u00f3n del gobernador Alirio Barrera y dem\u00e1s representantes de diferentes secretar\u00edas del Gobierno Departamental y del Municipal, con el fin de establecer la viabilidad que se le puede dar a cada solicitud.<\/p>\n<p style=\"font-weight: 400;\">As\u00ed mismo, con presencia del secretario de Gobierno, Eliver Moreno Pacheco y el subcomandante de la Estaci\u00f3n de Polic\u00eda Yopal, capit\u00e1n Luis Tovar, se evaluaron medidas para contrarrestar el consumo de alucin\u00f3genos en la zona y delitos como el hurto; donde acord\u00f3 la conformaci\u00f3n de una red de participaci\u00f3n c\u00edvica, a trav\u00e9s de un grupo de comunicaci\u00f3n comunitario, que d\u00e9 aviso oportuno a las autoridades frente a cualquier hecho delictivo o situaci\u00f3n que ponga en riesgo la tranquilidad de los ciudadanos.<\/p>\n<p style=\"font-weight: 400;\">Al t\u00e9rmino de la reuni\u00f3n el alcalde Leonardo Puentes manifest\u00f3 que los compromisos establecidos con esta comunidad por parte de la Administraci\u00f3n Municipal se mantienen y est\u00e1n avanzando, por lo que los habitantes del sector levantaron el bloqueo permitiendo que se restablezca el tr\u00e1nsito por la v\u00eda.<\/p>\n<p style=\"font-weight: 400;\">\u201cEn todos los puntos hay avances y si bien en algunos no se ha logrado concretar ciertos aspectos, est\u00e1 a punto de lograrse el proyecto estructurado para la gesti\u00f3n de recursos en torno al gas; as\u00ed mismo en materia de agua donde est\u00e1 a punto de contratarse una consultor\u00eda para dise\u00f1os definitivos, tambi\u00e9n se iniciar\u00e1 el mantenimiento en dos puntos cr\u00edticos de la v\u00eda y con el apoyo de la Secretar\u00eda de Obras departamental se van a construir unos gaviones para un sector donde hay p\u00e9rdida de banca, por lo que esperamos que se mantenga un dialogo sin v\u00edas de hecho\u201d expres\u00f3 el Mandatario local.<\/p>\n<p style=\"font-weight: 400;\">Por su parte, Sergio Andr\u00e9s L\u00f3pez, fiscal de la asociaci\u00f3n de propietarios y residentes del sector de Balconcitos, manifest\u00f3 \u201cque la presencia del Alcalde y los secretarios permiti\u00f3 exponer las inquietudes e inconformidades que se han venido teniendo en la zona y conocer sobre los avances de los compromisos establecidos anteriormente, por lo que se espera que en la nueva reuni\u00f3n se pueda llegar a soluciones concretas, donde se vincule tanto la Alcald\u00eda como la Gobernaci\u00f3n\u201d.<\/p>\n<p style=\"font-weight: 400;\">El encuentro lo acompa\u00f1aron los secretarios de Obras Municipal, \u00c1lvaro Rivera y Departamental, H\u00e9ctor Miguel Gonz\u00e1lez; el secretario de Gobierno, Eliver Moreno y el subcomandante de la Estaci\u00f3n de Polic\u00eda Yopal, capit\u00e1n Luis Tovar.<\/p>\n<p><strong>Fuente y Fotograf\u00eda Alcald\u00eda de Yopal.<\/strong><\/p>\n","protected":false},"excerpt":{"rendered":"<p>Con el fin de conocer en primera mano las solicitudes que motivaron la movilizaci\u00f3n instalada en la v\u00eda de acceso hacia el monumento de la Virgen de Manare, el alcalde de Yopal, Leonardo Puentes, acudi\u00f3 al sector de Balconcitos en aras de dialogar \u00a0con sus habitantes, con quienes se analizaron las instancias de posibles soluciones [&hellip;]<\/p>\n","protected":false},"author":1,"featured_media":0,"comment_status":"closed","ping_status":"closed","sticky":false,"template":"","format":"standard","meta":{"footnotes":""},"categories":[66,27],"tags":[2360,10019,10020,277,238],"class_list":["post-24158","post","type-post","status-publish","format-standard","hentry","category-destacadas","category-judicial","tag-alcaldia","tag-balconcitos","tag-inconformismo","tag-judicial","tag-radio-noticias-casanare"],"_links":{"self":[{"href":"https:\/\/radionoticiascasanare.com\/inicio\/wp-json\/wp\/v2\/posts\/24158","targetHints":{"allow":["GET"]}}],"collection":[{"href":"https:\/\/radionoticiascasanare.com\/inicio\/wp-json\/wp\/v2\/posts"}],"about":[{"href":"https:\/\/radionoticiascasanare.com\/inicio\/wp-json\/wp\/v2\/types\/post"}],"author":[{"embeddable":true,"href":"https:\/\/radionoticiascasanare.com\/inicio\/wp-json\/wp\/v2\/users\/1"}],"replies":[{"embeddable":true,"href":"https:\/\/radionoticiascasanare.com\/inicio\/wp-json\/wp\/v2\/comments?post=24158"}],"version-history":[{"count":0,"href":"https:\/\/radionoticiascasanare.com\/inicio\/wp-json\/wp\/v2\/posts\/24158\/revisions"}],"wp:attachment":[{"href":"https:\/\/radionoticiascasanare.com\/inicio\/wp-json\/wp\/v2\/media?parent=24158"}],"wp:term":[{"taxonomy":"category","embeddable":true,"href":"https:\/\/radionoticiascasanare.com\/inicio\/wp-json\/wp\/v2\/categories?post=24158"},{"taxonomy":"post_tag","embeddable":true,"href":"https:\/\/radionoticiascasanare.com\/inicio\/wp-json\/wp\/v2\/tags?post=24158"}],"curies":[{"name":"wp","href":"https:\/\/api.w.org\/{rel}","templated":true}]}}