{"id":24320,"date":"2019-09-20T12:01:01","date_gmt":"2019-09-20T17:01:01","guid":{"rendered":"https:\/\/radionoticiascasanare.com\/inicio\/?p=24320"},"modified":"2019-09-20T12:01:01","modified_gmt":"2019-09-20T17:01:01","slug":"candidato-secuestrado-en-narino-se-escapo-de-sus-captores","status":"publish","type":"post","link":"https:\/\/radionoticiascasanare.com\/inicio\/candidato-secuestrado-en-narino-se-escapo-de-sus-captores\/","title":{"rendered":"Candidato secuestrado en Nari\u00f1o se escap\u00f3 de sus captores"},"content":{"rendered":"<p><img decoding=\"async\" class=\"alignleft wp-image-24321 size-full\" src=\"https:\/\/radionoticiascasanare.com\/inicio\/wp-content\/uploads\/2019\/09\/CANDIDATO-ALCALD\u00cdA-POTOS\u00cd-NARI\u00d1O-e1568998849338.jpg\" alt=\"\" width=\"251\" height=\"165\" \/>Este jueves en horas de la ma\u00f1ana, el candidato de Cambio Radical a la Alcald\u00eda de Potos\u00ed, Nari\u00f1o, \u00d3scar Alejo Lombana, tuvo el primer contacto con las autoridades luego de nueve d\u00edas de estar incomunicado. La desaparici\u00f3n del candidato se report\u00f3 el pasado 10 de septiembre.<\/p>\n<p>Al parecer, desde esa fecha el hombre fue secuestrado por sujetos que lo ten\u00edan en la vereda San Jos\u00e9 Bajo, en el corregimiento La Victoria, a dos horas del casco urbano de Ipiales. El lugar en el que las autoridades tuvieron contacto con el candidato est\u00e1 a aproximadamente una hora del sitio en el que permanec\u00eda secuestrado.<\/p>\n<p>Las autoridades informaron que el apoyo de la red de cooperantes es indispensable en estos casos. Esta vez, no solo los ciudadanos, sino unidades del Ej\u00e9rcito de Colombia y de la Polic\u00eda Nacional, aportaron datos valiosos para dar con el paradero de Lombana. Hasta el momento la hip\u00f3tesis presentada es que el hombre se escap\u00f3 de sus captores.<\/p>\n<p>Una vez a salvo, el candidato fue llevado a un centro asistencial en la ciudad de Ipiales para recibir atenci\u00f3n m\u00e9dica.<\/p>\n<p><strong>La desaparici\u00f3n\u00a0<\/strong><\/p>\n<p>El pasado 10 de septiembre el candidato a la Alcald\u00eda de Potos\u00ed, se dirig\u00eda a la vereda Chit\u00e1 para adelantar labores de campa\u00f1a. Antes de llegar al lugar, hombres que se movilizaban en moto interceptaron el veh\u00edculo en el que estaba Lombana.<\/p>\n<p>Al parecer, los sujetos bajaron al conductor del veh\u00edculo, lo amordazaron y procedieron a llevarse al candidato en el mismo automotor.<\/p>\n<p>De acuerdo con las autoridades, hasta el momento ninguna estructura criminal se ha atribuido el secuestro. Sin embargo, se investiga si se trataba de un intento de extorsi\u00f3n.<\/p>\n<p>Fuente y Fotograf\u00eda <strong><span>Red Medios Digital<\/span><\/strong><\/p>\n","protected":false},"excerpt":{"rendered":"<p>Este jueves en horas de la ma\u00f1ana, el candidato de Cambio Radical a la Alcald\u00eda de Potos\u00ed, Nari\u00f1o, \u00d3scar Alejo Lombana, tuvo el primer contacto con las autoridades luego de nueve d\u00edas de estar incomunicado. La desaparici\u00f3n del candidato se report\u00f3 el pasado 10 de septiembre. Al parecer, desde esa fecha el hombre fue secuestrado [&hellip;]<\/p>\n","protected":false},"author":1,"featured_media":0,"comment_status":"closed","ping_status":"closed","sticky":false,"template":"","format":"standard","meta":{"footnotes":""},"categories":[66,51],"tags":[2360,9991,10073,1161,10074,238,286],"class_list":["post-24320","post","type-post","status-publish","format-standard","hentry","category-destacadas","category-nacional","tag-alcaldia","tag-candidato","tag-captores","tag-narino","tag-potosi","tag-radio-noticias-casanare","tag-secuestro"],"_links":{"self":[{"href":"https:\/\/radionoticiascasanare.com\/inicio\/wp-json\/wp\/v2\/posts\/24320","targetHints":{"allow":["GET"]}}],"collection":[{"href":"https:\/\/radionoticiascasanare.com\/inicio\/wp-json\/wp\/v2\/posts"}],"about":[{"href":"https:\/\/radionoticiascasanare.com\/inicio\/wp-json\/wp\/v2\/types\/post"}],"author":[{"embeddable":true,"href":"https:\/\/radionoticiascasanare.com\/inicio\/wp-json\/wp\/v2\/users\/1"}],"replies":[{"embeddable":true,"href":"https:\/\/radionoticiascasanare.com\/inicio\/wp-json\/wp\/v2\/comments?post=24320"}],"version-history":[{"count":0,"href":"https:\/\/radionoticiascasanare.com\/inicio\/wp-json\/wp\/v2\/posts\/24320\/revisions"}],"wp:attachment":[{"href":"https:\/\/radionoticiascasanare.com\/inicio\/wp-json\/wp\/v2\/media?parent=24320"}],"wp:term":[{"taxonomy":"category","embeddable":true,"href":"https:\/\/radionoticiascasanare.com\/inicio\/wp-json\/wp\/v2\/categories?post=24320"},{"taxonomy":"post_tag","embeddable":true,"href":"https:\/\/radionoticiascasanare.com\/inicio\/wp-json\/wp\/v2\/tags?post=24320"}],"curies":[{"name":"wp","href":"https:\/\/api.w.org\/{rel}","templated":true}]}}