{"id":24325,"date":"2019-09-20T16:56:22","date_gmt":"2019-09-20T21:56:22","guid":{"rendered":"https:\/\/radionoticiascasanare.com\/inicio\/?p=24325"},"modified":"2019-09-20T16:56:22","modified_gmt":"2019-09-20T21:56:22","slug":"fernanda-salcedo-debe-ser-la-alcaldesa-de-yopal-miguel-angel-sanchez-secretario-general-partido-liberal","status":"publish","type":"post","link":"https:\/\/radionoticiascasanare.com\/inicio\/fernanda-salcedo-debe-ser-la-alcaldesa-de-yopal-miguel-angel-sanchez-secretario-general-partido-liberal\/","title":{"rendered":"Fernanda Salcedo debe ser la Alcaldesa de Yopal : Miguel \u00c1ngel S\u00e1nchez Secretario General Partido Liberal"},"content":{"rendered":"<p style=\"font-weight: 400;\"><img decoding=\"async\" class=\"alignleft wp-image-24333 size-full\" src=\"https:\/\/radionoticiascasanare.com\/inicio\/wp-content\/uploads\/2019\/09\/WhatsApp-Image-2019-09-20-at-4.46.45-PM-e1569016285235.jpeg\" alt=\"\" width=\"286\" height=\"172\" \/>Respaldo irrestricto entreg\u00f3 la Direcci\u00f3n nacional Liberal a la Candidatura a la Alcald\u00eda de Yopal de Fernanda Salcedo tras el pronunciamiento vehemente y contundente del Secretario General de la Colectividad, Miguel \u00c1ngel S\u00e1nchez V\u00e1squez, quien dijo que la uni\u00f3n permitir\u00e1 tener un partido unido, que no se doblegar\u00e1 ante los ataques y que respaldar\u00e1 a la l\u00edder de Yopal para que logre el objetivo de llegar al primer cargo de la ciudad.<\/p>\n<p>El dirigente liberal se\u00f1al\u00f3 que los \u00a0integrantes del Partido vendr\u00e1n la semana entrante y estar\u00e1n el tiempo que sea necesario para apoyar, defender y fortalecer la aspiraci\u00f3n de Fernanda Salcedo, que ha demostrado con su hoja de vida, experiencia, car\u00e1cter y templanza, que adem\u00e1s tiene bien puestos los pantalones para asumir el reto para que retorne la gobernabilidad, la credibilidad y el trabajo que dinamizar\u00e1 la econom\u00eda local.<\/p>\n<p>S\u00e1nchez V\u00e1squez inst\u00f3 a los liberales a trabajar para las pr\u00f3ximas elecciones con voluntad, dedicaci\u00f3n, convicci\u00f3n y sin pena porque ser\u00e1 la colectividad que alcance m\u00e1s Gobernaciones, Alcald\u00edas, Curules en la Asamblea y Concejos, y esca\u00f1os en las Juntas Administradoras de cada localidad del pa\u00eds.<\/p>\n<p>Fuente y Fotograf\u00eda Radio Noticias Casanare<\/p>\n<p>&nbsp;<\/p>\n<p style=\"font-weight: 400;\">\n","protected":false},"excerpt":{"rendered":"<p>Respaldo irrestricto entreg\u00f3 la Direcci\u00f3n nacional Liberal a la Candidatura a la Alcald\u00eda de Yopal de Fernanda Salcedo tras el pronunciamiento vehemente y contundente del Secretario General de la Colectividad, Miguel \u00c1ngel S\u00e1nchez V\u00e1squez, quien dijo que la uni\u00f3n permitir\u00e1 tener un partido unido, que no se doblegar\u00e1 ante los ataques y que respaldar\u00e1 a [&hellip;]<\/p>\n","protected":false},"author":1,"featured_media":0,"comment_status":"closed","ping_status":"closed","sticky":false,"template":"","format":"standard","meta":{"footnotes":""},"categories":[2,8492,5476],"tags":[237,222,3,3313,10075,1091,238],"class_list":["post-24325","post","type-post","status-publish","format-standard","hentry","category-casanare","category-noticias-casanare","category-politica","tag-alcaldia-de-yopal","tag-asamblea-departamental","tag-casanare","tag-concejos-municipales","tag-elecciones-2019","tag-partido-liberal","tag-radio-noticias-casanare"],"_links":{"self":[{"href":"https:\/\/radionoticiascasanare.com\/inicio\/wp-json\/wp\/v2\/posts\/24325","targetHints":{"allow":["GET"]}}],"collection":[{"href":"https:\/\/radionoticiascasanare.com\/inicio\/wp-json\/wp\/v2\/posts"}],"about":[{"href":"https:\/\/radionoticiascasanare.com\/inicio\/wp-json\/wp\/v2\/types\/post"}],"author":[{"embeddable":true,"href":"https:\/\/radionoticiascasanare.com\/inicio\/wp-json\/wp\/v2\/users\/1"}],"replies":[{"embeddable":true,"href":"https:\/\/radionoticiascasanare.com\/inicio\/wp-json\/wp\/v2\/comments?post=24325"}],"version-history":[{"count":0,"href":"https:\/\/radionoticiascasanare.com\/inicio\/wp-json\/wp\/v2\/posts\/24325\/revisions"}],"wp:attachment":[{"href":"https:\/\/radionoticiascasanare.com\/inicio\/wp-json\/wp\/v2\/media?parent=24325"}],"wp:term":[{"taxonomy":"category","embeddable":true,"href":"https:\/\/radionoticiascasanare.com\/inicio\/wp-json\/wp\/v2\/categories?post=24325"},{"taxonomy":"post_tag","embeddable":true,"href":"https:\/\/radionoticiascasanare.com\/inicio\/wp-json\/wp\/v2\/tags?post=24325"}],"curies":[{"name":"wp","href":"https:\/\/api.w.org\/{rel}","templated":true}]}}