{"id":24955,"date":"2019-10-17T06:22:11","date_gmt":"2019-10-17T11:22:11","guid":{"rendered":"https:\/\/radionoticiascasanare.com\/inicio\/?p=24955"},"modified":"2019-10-17T06:22:11","modified_gmt":"2019-10-17T11:22:11","slug":"capturado-por-unidades-del-cti-de-la-fiscalia-exgobernador-de-casanare-nelson-marino","status":"publish","type":"post","link":"https:\/\/radionoticiascasanare.com\/inicio\/capturado-por-unidades-del-cti-de-la-fiscalia-exgobernador-de-casanare-nelson-marino\/","title":{"rendered":"Capturado por unidades del CTI de la Fiscal\u00eda exgobernador de Casanare Nelson Mari\u00f1o"},"content":{"rendered":"<p><img fetchpriority=\"high\" decoding=\"async\" class=\"alignleft wp-image-24957 \" src=\"https:\/\/radionoticiascasanare.com\/inicio\/wp-content\/uploads\/2019\/10\/NELSON-RICARDO-MARI\u00d1O-3-e1571311200501.jpg\" alt=\"\" width=\"303\" height=\"215\" \/>En forma sorpresiva hasta incr\u00e9dula por la opini\u00f3n p\u00fablica fue capturados por unidades del Ej\u00e9rcito en la finca de su propiedad en la v\u00eda Sirivana \u2013 Yopal, el exgobernador de Casanare, Nelson Ricardo Mari\u00f1o Velandia.<\/p>\n<p>La detenci\u00f3n del dirigente pol\u00edtico ha generado cierta incertidumbre, silencio y hermetismo entre las autoridades judiciales que no han dado un reporte oficial de este caso. Solo se ha conocido una fotograf\u00eda de un medio de comunicaci\u00f3n de Mari\u00f1o Velandia cuando entraba a las instalaciones del Gaula Militar en Yopal, esposado , visitiendo un polo color naranja con un pantal\u00f3n corto baige.<\/p>\n<p>El abogado Jorge Cort\u00e9s Colmenares defensor del Exmandatario seccional afirm\u00f3 que a\u00fan no tiene claridad sobre los delitos que se le imputan debido a que la Fiscal\u00eda 15 Especializada de Bogot\u00e1 expidi\u00f3 la orden de captura.<\/p>\n<p>En las pr\u00f3ximas horas se definir\u00e1 la situaci\u00f3n jur\u00eddica del Exgobernador del Casanare Nelson Ricardp Mari\u00f1o Velandia,quien fuera detenido por personal del CTI, que lleg\u00f3 hasta su finca en la v\u00eda a Sirivana -Yopal. La orden de captura fue expedida por la Fiscal\u00eda 15 Especializada de #Bogot\u00e1 y recepcionada por la Fiscal\u00eda EDA de Yopal.<\/p>\n<p>Fuente y Fotograf\u00eda Radio Noticias Casanare &#8211; \u00c1lbum Personal<\/p>\n","protected":false},"excerpt":{"rendered":"<p>En forma sorpresiva hasta incr\u00e9dula por la opini\u00f3n p\u00fablica fue capturados por unidades del Ej\u00e9rcito en la finca de su propiedad en la v\u00eda Sirivana \u2013 Yopal, el exgobernador de Casanare, Nelson Ricardo Mari\u00f1o Velandia. La detenci\u00f3n del dirigente pol\u00edtico ha generado cierta incertidumbre, silencio y hermetismo entre las autoridades judiciales que no han dado [&hellip;]<\/p>\n","protected":false},"author":1,"featured_media":0,"comment_status":"closed","ping_status":"closed","sticky":false,"template":"","format":"standard","meta":{"footnotes":""},"categories":[2,66,8493],"tags":[3,396,368,50,4293,1804,238],"class_list":["post-24955","post","type-post","status-publish","format-standard","hentry","category-casanare","category-destacadas","category-noticias-de-casanare","tag-casanare","tag-cti","tag-exgobernador","tag-fiscalia","tag-nelson-marino","tag-orden-de-captura","tag-radio-noticias-casanare"],"_links":{"self":[{"href":"https:\/\/radionoticiascasanare.com\/inicio\/wp-json\/wp\/v2\/posts\/24955","targetHints":{"allow":["GET"]}}],"collection":[{"href":"https:\/\/radionoticiascasanare.com\/inicio\/wp-json\/wp\/v2\/posts"}],"about":[{"href":"https:\/\/radionoticiascasanare.com\/inicio\/wp-json\/wp\/v2\/types\/post"}],"author":[{"embeddable":true,"href":"https:\/\/radionoticiascasanare.com\/inicio\/wp-json\/wp\/v2\/users\/1"}],"replies":[{"embeddable":true,"href":"https:\/\/radionoticiascasanare.com\/inicio\/wp-json\/wp\/v2\/comments?post=24955"}],"version-history":[{"count":0,"href":"https:\/\/radionoticiascasanare.com\/inicio\/wp-json\/wp\/v2\/posts\/24955\/revisions"}],"wp:attachment":[{"href":"https:\/\/radionoticiascasanare.com\/inicio\/wp-json\/wp\/v2\/media?parent=24955"}],"wp:term":[{"taxonomy":"category","embeddable":true,"href":"https:\/\/radionoticiascasanare.com\/inicio\/wp-json\/wp\/v2\/categories?post=24955"},{"taxonomy":"post_tag","embeddable":true,"href":"https:\/\/radionoticiascasanare.com\/inicio\/wp-json\/wp\/v2\/tags?post=24955"}],"curies":[{"name":"wp","href":"https:\/\/api.w.org\/{rel}","templated":true}]}}