{"id":24981,"date":"2019-10-17T19:01:32","date_gmt":"2019-10-18T00:01:32","guid":{"rendered":"https:\/\/radionoticiascasanare.com\/inicio\/?p=24981"},"modified":"2019-10-17T19:01:32","modified_gmt":"2019-10-18T00:01:32","slug":"sena-casanare-le-apuesta-a-la-economia-naranja-y-al-emprendimiento","status":"publish","type":"post","link":"https:\/\/radionoticiascasanare.com\/inicio\/sena-casanare-le-apuesta-a-la-economia-naranja-y-al-emprendimiento\/","title":{"rendered":"SENA  Casanare le apuesta a la Econom\u00eda Naranja y al Emprendimiento"},"content":{"rendered":"<p><span lang=\"ES-TRAD\"><img decoding=\"async\" class=\"wp-image-24982 alignleft\" src=\"https:\/\/radionoticiascasanare.com\/inicio\/wp-content\/uploads\/2019\/10\/32ef2246115971afc63548c5edd88ead_L.jpg\" alt=\"\" width=\"253\" height=\"190\" \/>Dos estrategias del SENA, el 1\u00b0 Congreso de Econom\u00eda Naranja y la Feria Micro empresarial \u201cCasanare Tierra M\u00eda\u201d, se realizaron el pasado fin de semana con el objetivo de visibilizar el talento casanare\u00f1o e impulsar innovaci\u00f3n, la cultura, la creatividad y el intelecto de la regi\u00f3n Casanare\u00f1a.<\/span><\/p>\n<p><span lang=\"ES-TRAD\">Desde las 8 de la ma\u00f1ana del pasado viernes se dio apertura al 1\u00b0 Congreso el cual cont\u00f3 con la participaci\u00f3n de referentes de los cuatro ejes principales de la econom\u00eda naranja quienes por medio de muestras culturales y conversatorios compartieron a los asistentes sus experiencias empresariales y conocimiento<\/span><\/p>\n<p><span lang=\"ES-TRAD\">\u201cEl Sistema Nacional de Aprendizaje \u2013 SENA, a trav\u00e9s de la creaci\u00f3n de estos espacios busca reunir a referentes de los cuatro ejes principales de la econom\u00eda Naranja: Arte, Cultura, Comunicaci\u00f3n y Emprendimiento para compartir experiencias, conceptos y conocimientos sobre el tema que permite impulsar a los nuevos emprendedores y as\u00ed visibilizar los protagonistas de la creatividad y las competencias blandas\u201d manifest\u00f3 Johana A. Medina, Directora SENA Regional Casanare<\/span><\/p>\n<p><span lang=\"ES-TRAD\">Durante el desarrollo del evento, se cont\u00f3 con la participaci\u00f3n de ejemplos de Econom\u00eda Naranja entre ellos, Betina, proyecto musical, apoyado por Fondo Emprender.<\/span><\/p>\n<p><span lang=\"ES-TRAD\">As\u00ed mismo, dando cumplimiento al objetivo de visibilizar el talento casanare\u00f1o, el d\u00eda s\u00e1bado, se desarroll\u00f3 en el Centro Comercial Gran Plaza Alcarav\u00e1n la infaltable Feria Micro Empresarial, en la que no solo participaron emprendedores casanare\u00f1os sino tambi\u00e9n se cont\u00f3 con la presencia del Ej\u00e9rcito Nacional, Fuerza A\u00e9rea, Polic\u00eda Nacional, Fedearroz, C\u00e1mara de Comercio de Casanare, Unitr\u00f3pico y Ministerio del Trabajo.<\/span><\/p>\n<p><span lang=\"ES-TRAD\">La actividad que a lo largo de los \u00faltimos 4 a\u00f1os ha logrado reunir a medianas y peque\u00f1as empresas,\u00a0\u00a0congreg\u00f3 a m\u00e1s de 100 emprendedores de diferentes sectores, quienes expusieron sus productos durante la feria y la ronda de negocios que se llev\u00f3 a cabo con entidades, comerciantes y empresarios de la regi\u00f3n la cual ten\u00eda como objetivo crear alianzas estrat\u00e9gicas que permitieran la generaci\u00f3n de acuerdos comerciales y empleo en la regi\u00f3n.<\/span><\/p>\n<p><span lang=\"ES-TRAD\">\u201cApuntarle a estos espacios dinamiza la econom\u00eda en la regi\u00f3n. En esta Feria tendremos la participaci\u00f3n de m\u00e1s de 100 emprendedores casanare\u00f1os de los diferentes sectores econ\u00f3micos como industrias manufactureras, comercio al por mayor y al por menor,\u00a0\u00a0\u00a0agricultura, ganader\u00eda, caza, servicios hoteleros, sociales, de salud, tecnol\u00f3gicos,\u00a0\u00a0y educaci\u00f3n quienes estar\u00e1n prestos a exponer sus productos y dar a conocer su talento\u201d recab\u00f3 Johana A. Medina, Directora SENA Regional Casanare<\/span><\/p>\n<p><span lang=\"ES-TRAD\">Finalmente con el esperado 5to Fashion de Innovaci\u00f3n Ambiental Ecol\u00f3gico, espacio en el que se mostr\u00f3 el talento de los queridos Aprendices del SENA mediante la producci\u00f3n de trajes con material reciclable alusivos a un festival colombiano, se dio por finalizado el fin de semana en el que el SENA le apunt\u00f3 a visibilizar el talento casanare\u00f1o e impulsar la innovaci\u00f3n, la cultura, la creatividad y el intelecto de la regi\u00f3n Casanare\u00f1a.<\/span><\/p>\n","protected":false},"excerpt":{"rendered":"<p>Dos estrategias del SENA, el 1\u00b0 Congreso de Econom\u00eda Naranja y la Feria Micro empresarial \u201cCasanare Tierra M\u00eda\u201d, se realizaron el pasado fin de semana con el objetivo de visibilizar el talento casanare\u00f1o e impulsar innovaci\u00f3n, la cultura, la creatividad y el intelecto de la regi\u00f3n Casanare\u00f1a. Desde las 8 de la ma\u00f1ana del pasado [&hellip;]<\/p>\n","protected":false},"author":1,"featured_media":0,"comment_status":"closed","ping_status":"closed","sticky":false,"template":"","format":"standard","meta":{"footnotes":""},"categories":[66,4897,6171],"tags":[231,9834,397,330,194,10322,179,6250,637,20],"class_list":["post-24981","post","type-post","status-publish","format-standard","hentry","category-destacadas","category-economia","category-educacion","tag-camara-de-comercio-de-casanare","tag-economia-naranja","tag-ejercito-nacional","tag-fedearroz","tag-fuerza-aerea","tag-ministerio-del-trabajo","tag-policia-nacional","tag-radio-notcias-casanare","tag-sena","tag-unitropico"],"_links":{"self":[{"href":"https:\/\/radionoticiascasanare.com\/inicio\/wp-json\/wp\/v2\/posts\/24981","targetHints":{"allow":["GET"]}}],"collection":[{"href":"https:\/\/radionoticiascasanare.com\/inicio\/wp-json\/wp\/v2\/posts"}],"about":[{"href":"https:\/\/radionoticiascasanare.com\/inicio\/wp-json\/wp\/v2\/types\/post"}],"author":[{"embeddable":true,"href":"https:\/\/radionoticiascasanare.com\/inicio\/wp-json\/wp\/v2\/users\/1"}],"replies":[{"embeddable":true,"href":"https:\/\/radionoticiascasanare.com\/inicio\/wp-json\/wp\/v2\/comments?post=24981"}],"version-history":[{"count":0,"href":"https:\/\/radionoticiascasanare.com\/inicio\/wp-json\/wp\/v2\/posts\/24981\/revisions"}],"wp:attachment":[{"href":"https:\/\/radionoticiascasanare.com\/inicio\/wp-json\/wp\/v2\/media?parent=24981"}],"wp:term":[{"taxonomy":"category","embeddable":true,"href":"https:\/\/radionoticiascasanare.com\/inicio\/wp-json\/wp\/v2\/categories?post=24981"},{"taxonomy":"post_tag","embeddable":true,"href":"https:\/\/radionoticiascasanare.com\/inicio\/wp-json\/wp\/v2\/tags?post=24981"}],"curies":[{"name":"wp","href":"https:\/\/api.w.org\/{rel}","templated":true}]}}