{"id":25920,"date":"2019-12-10T18:18:23","date_gmt":"2019-12-10T23:18:23","guid":{"rendered":"https:\/\/radionoticiascasanare.com\/inicio\/?p=25920"},"modified":"2019-12-10T18:18:23","modified_gmt":"2019-12-10T23:18:23","slug":"un-hombre-murio-en-el-hospital-regional-de-la-orinoquia-en-yopal-luego-de-sufrir-un-accidente-de-transito","status":"publish","type":"post","link":"https:\/\/radionoticiascasanare.com\/inicio\/un-hombre-murio-en-el-hospital-regional-de-la-orinoquia-en-yopal-luego-de-sufrir-un-accidente-de-transito\/","title":{"rendered":"Un hombre muri\u00f3 en el Hospital Regional de la Orinoquia en Yopal, luego de sufrir un accidente de tr\u00e1nsito"},"content":{"rendered":"<p>Como Rub\u00e9n Alarc\u00f3n fue identificada la persona que fue v\u00edctima del accidente de tr\u00e1nsito y que falleci\u00f3 en el Hospital Regional de la Orinoquia de Yopal.<\/p>\n<p>El reporte oficial se\u00f1ala que Alarc\u00f3n hab\u00eda sufrido un percance automovil\u00edstico cuando se movilizaba a bordo de una motocicleta que colision\u00f3 contra otra motocicleta.<\/p>\n<p>El hecho se present\u00f3 el pasado jueves 5 de diciembre sobre las 6:00 de la tarde, en la v\u00eda que comunica a la vereda la Pedrera con Yopal donde el informe dos personas quedaron lesionadas siendo trasladadas en ambulancia hasta el el Centro Asistencial de la Capital del departamento donde al se\u00f1or Alarc\u00f3n le ordenaron salida del Centro M\u00e9dico pero luego regres\u00f3 con s\u00edntom\u00e1s m\u00e1s severos producto del percance y los galenos determinaron que ten\u00eda trauma de t\u00f3rax cerrado y posiblemente una costilla fracturada, complicando el estado de sus sus pulmones.<\/p>\n<figure id=\"attachment_20003\" aria-describedby=\"caption-attachment-20003\" style=\"width: 320px\" class=\"wp-caption aligncenter\"><img fetchpriority=\"high\" decoding=\"async\" class=\"wp-image-20003 size-medium\" src=\"https:\/\/radionoticiascasanare.com\/inicio\/wp-content\/uploads\/2019\/02\/levantamiento-a-color-320x160.jpg\" alt=\"\" width=\"320\" height=\"160\" \/><figcaption id=\"caption-attachment-20003\" class=\"wp-caption-text\">Imagen de archivo<\/figcaption><\/figure>\n<p>Autoridades competentes realizaron actos urgentes e inspecci\u00f3n al cad\u00e1ver para esclarecer lo sucedido.<\/p>\n","protected":false},"excerpt":{"rendered":"<p>Como Rub\u00e9n Alarc\u00f3n fue identificada la persona que fue v\u00edctima del accidente de tr\u00e1nsito y que falleci\u00f3 en el Hospital Regional de la Orinoquia de Yopal. El reporte oficial se\u00f1ala que Alarc\u00f3n hab\u00eda sufrido un percance automovil\u00edstico cuando se movilizaba a bordo de una motocicleta que colision\u00f3 contra otra motocicleta. El hecho se present\u00f3 el [&hellip;]<\/p>\n","protected":false},"author":1,"featured_media":0,"comment_status":"closed","ping_status":"closed","sticky":false,"template":"","format":"standard","meta":{"footnotes":""},"categories":[2,66,27],"tags":[1944,277,7540,10684,10685,238],"class_list":["post-25920","post","type-post","status-publish","format-standard","hentry","category-casanare","category-destacadas","category-judicial","tag-accidente-de-transito","tag-judicial","tag-muerto","tag-negligencia-medica","tag-pulmones","tag-radio-noticias-casanare"],"_links":{"self":[{"href":"https:\/\/radionoticiascasanare.com\/inicio\/wp-json\/wp\/v2\/posts\/25920","targetHints":{"allow":["GET"]}}],"collection":[{"href":"https:\/\/radionoticiascasanare.com\/inicio\/wp-json\/wp\/v2\/posts"}],"about":[{"href":"https:\/\/radionoticiascasanare.com\/inicio\/wp-json\/wp\/v2\/types\/post"}],"author":[{"embeddable":true,"href":"https:\/\/radionoticiascasanare.com\/inicio\/wp-json\/wp\/v2\/users\/1"}],"replies":[{"embeddable":true,"href":"https:\/\/radionoticiascasanare.com\/inicio\/wp-json\/wp\/v2\/comments?post=25920"}],"version-history":[{"count":0,"href":"https:\/\/radionoticiascasanare.com\/inicio\/wp-json\/wp\/v2\/posts\/25920\/revisions"}],"wp:attachment":[{"href":"https:\/\/radionoticiascasanare.com\/inicio\/wp-json\/wp\/v2\/media?parent=25920"}],"wp:term":[{"taxonomy":"category","embeddable":true,"href":"https:\/\/radionoticiascasanare.com\/inicio\/wp-json\/wp\/v2\/categories?post=25920"},{"taxonomy":"post_tag","embeddable":true,"href":"https:\/\/radionoticiascasanare.com\/inicio\/wp-json\/wp\/v2\/tags?post=25920"}],"curies":[{"name":"wp","href":"https:\/\/api.w.org\/{rel}","templated":true}]}}