{"id":25924,"date":"2019-12-11T08:54:18","date_gmt":"2019-12-11T13:54:18","guid":{"rendered":"https:\/\/radionoticiascasanare.com\/inicio\/?p=25924"},"modified":"2019-12-11T08:54:18","modified_gmt":"2019-12-11T13:54:18","slug":"en-zona-rural-de-trinidad-un-hombre-fue-asinado","status":"publish","type":"post","link":"https:\/\/radionoticiascasanare.com\/inicio\/en-zona-rural-de-trinidad-un-hombre-fue-asinado\/","title":{"rendered":"En zona rural de Trinidad un hombre fue asinado"},"content":{"rendered":"<p><img decoding=\"async\" class=\"wp-image-25925 size-medium alignleft\" src=\"https:\/\/radionoticiascasanare.com\/inicio\/wp-content\/uploads\/2019\/12\/Difuminator_11-12-2019-8-38-15-136x192.jpg\" alt=\"\" width=\"136\" height=\"192\" \/>Un cuerpo sin vida fue hallado sobre las 9:00 de la noche de este martes, a la altura de la vereda El Palito en la v\u00eda que de Trinidad conduce a Pore.<\/p>\n<p>Seg\u00fan las primeras informaciones de las autoridades a la v\u00edctima no se le encontr\u00f3 documentos que pueda establecer su identidad.<\/p>\n<p>Este hombre vest\u00eda camiseta de jean azul, pantal\u00f3n de jean y botas Brahama, de contextura gruesa y piel blanca.<\/p>\n<p>El cuerpo fue trasladado a Medicina Legal donde se espera que en las pr\u00f3ximas horas se conozca su identificaci\u00f3n.<\/p>\n<p>Fuente Pauto Noticias<\/p>\n","protected":false},"excerpt":{"rendered":"<p>Un cuerpo sin vida fue hallado sobre las 9:00 de la noche de este martes, a la altura de la vereda El Palito en la v\u00eda que de Trinidad conduce a Pore. Seg\u00fan las primeras informaciones de las autoridades a la v\u00edctima no se le encontr\u00f3 documentos que pueda establecer su identidad. Este hombre vest\u00eda [&hellip;]<\/p>\n","protected":false},"author":1,"featured_media":0,"comment_status":"closed","ping_status":"closed","sticky":false,"template":"","format":"standard","meta":{"footnotes":""},"categories":[2,66,27],"tags":[8110,7490,9904,238,10686,1301,811],"class_list":["post-25924","post","type-post","status-publish","format-standard","hentry","category-casanare","category-destacadas","category-judicial","tag-asesinado","tag-hombre","tag-judcial","tag-radio-noticias-casanare","tag-son-identificar","tag-trinidad","tag-zona-rural"],"_links":{"self":[{"href":"https:\/\/radionoticiascasanare.com\/inicio\/wp-json\/wp\/v2\/posts\/25924","targetHints":{"allow":["GET"]}}],"collection":[{"href":"https:\/\/radionoticiascasanare.com\/inicio\/wp-json\/wp\/v2\/posts"}],"about":[{"href":"https:\/\/radionoticiascasanare.com\/inicio\/wp-json\/wp\/v2\/types\/post"}],"author":[{"embeddable":true,"href":"https:\/\/radionoticiascasanare.com\/inicio\/wp-json\/wp\/v2\/users\/1"}],"replies":[{"embeddable":true,"href":"https:\/\/radionoticiascasanare.com\/inicio\/wp-json\/wp\/v2\/comments?post=25924"}],"version-history":[{"count":0,"href":"https:\/\/radionoticiascasanare.com\/inicio\/wp-json\/wp\/v2\/posts\/25924\/revisions"}],"wp:attachment":[{"href":"https:\/\/radionoticiascasanare.com\/inicio\/wp-json\/wp\/v2\/media?parent=25924"}],"wp:term":[{"taxonomy":"category","embeddable":true,"href":"https:\/\/radionoticiascasanare.com\/inicio\/wp-json\/wp\/v2\/categories?post=25924"},{"taxonomy":"post_tag","embeddable":true,"href":"https:\/\/radionoticiascasanare.com\/inicio\/wp-json\/wp\/v2\/tags?post=25924"}],"curies":[{"name":"wp","href":"https:\/\/api.w.org\/{rel}","templated":true}]}}