{"id":25999,"date":"2019-12-18T12:53:45","date_gmt":"2019-12-18T17:53:45","guid":{"rendered":"https:\/\/radionoticiascasanare.com\/inicio\/?p=25999"},"modified":"2019-12-18T12:53:45","modified_gmt":"2019-12-18T17:53:45","slug":"reforma-a-regalias-priorizo-obras-sobre-ahorro-valencia","status":"publish","type":"post","link":"https:\/\/radionoticiascasanare.com\/inicio\/reforma-a-regalias-priorizo-obras-sobre-ahorro-valencia\/","title":{"rendered":"Reforma a regal\u00edas prioriz\u00f3 obras sobre ahorro: Valencia"},"content":{"rendered":"<p><strong><span lang=\"ES-CO\" xml:lang=\"ES-CO\"><img decoding=\"async\" class=\"wp-image-26000 size-thumbnail alignleft\" src=\"https:\/\/radionoticiascasanare.com\/inicio\/wp-content\/uploads\/2019\/12\/13AI-paloma-valencia-WhatsApp-Image-2019-12-12-at-11.35.05-rubiano-ENTREVISTA-235x164.jpg\" alt=\"\" width=\"235\" height=\"164\" \/>Para la senadora, el reto para que funcione es que la ley reglamentaria garantice transparencia, democratizaci\u00f3n<\/span><\/strong><\/p>\n<p>&nbsp;<\/p>\n<p><strong><span lang=\"ES-CO\" xml:lang=\"ES-CO\">EL NUEVO SIGLO:\u00a0<em>\u00bfCu\u00e1les son los aspectos m\u00e1s importantes de la reforma al Sistema General de Regal\u00edas, de la que usted fue ponente?<\/em><\/span><\/strong><\/p>\n<p><strong><span lang=\"ES-CO\" xml:lang=\"ES-CO\">PALOMA VALENCIA:<\/span><\/strong><span lang=\"ES-CO\" xml:lang=\"ES-CO\">\u00a0Este es un proyecto extraordinario que lleva al sistema a un equilibrio que hac\u00eda falta.<\/span><\/p>\n<p><span lang=\"ES-CO\" xml:lang=\"ES-CO\">El inicio del sistema estuvo caracterizado porque casi todas las regal\u00edas fueron para los departamentos y municipios productores. Luego, pasamos a una segunda etapa donde todo pas\u00f3 para el resto y los productores se quedaron sin nada.<\/span><\/p>\n<p><span lang=\"ES-CO\" xml:lang=\"ES-CO\">Hoy estamos llegando a un equilibrio importante. Los territorios productores van a tener un 20% de recursos y un 5% adicional solamente para los municipios productores, que va a tener la oportunidad, incluso, de ser un adelanto de regal\u00edas para que la inversi\u00f3n de la plata de la miner\u00eda, del petr\u00f3leo se vea al mismo tiempo que se hacen los desarrollos. Eso va a permitir que la gente realmente vea los beneficios.<\/span><\/p>\n<p><span lang=\"ES-CO\" xml:lang=\"ES-CO\">Lo segundo, los municipios pobres pasan del 11% al 20%. Casi se les est\u00e1n duplicando los ingresos a estos municipios con necesidades b\u00e1sicas insatisfechas. Hay una meta: que las vayan superando.<\/span><\/p>\n<p><span lang=\"ES-CO\" xml:lang=\"ES-CO\">En la ley que la reglamenta hemos pensado hacer un escalonamiento que permita que esos que van superando, que van utilizando bien la plata, sean los que m\u00e1s reciban. Eso vendr\u00e1 en la reglamentaci\u00f3n.<\/span><\/p>\n<p><span lang=\"ES-CO\" xml:lang=\"ES-CO\">Un tema que sali\u00f3 por mi iniciativa fue el medioambiental. Hoy tenemos un 1% que va directamente al medio ambiente. Pero, adem\u00e1s, tenemos un 2% de ese 10% de ciencia y tecnolog\u00eda que se va a invertir en investigaci\u00f3n sobre la preservaci\u00f3n de nuestra biodiversidad y un 2% que van a ejecutar los municipios pobres en preservaci\u00f3n del medio ambiente, pero de acuerdo a un plan que se organizar\u00e1 nacionalmente. Esto significa que el medio ambiente tiene hoy 5 puntos del total de los recursos. Adem\u00e1s, ciencia y tecnolog\u00eda obtuvo 0,5% adicional con la garant\u00eda que ser\u00e1 por medio de convocatorias p\u00fablicas abiertas y concursadas.<\/span><\/p>\n<p><span lang=\"ES-CO\" xml:lang=\"ES-CO\">Creo que el proyecto no dej\u00f3 de lado el ahorro que, si bien, baja a un 4%, en sobrecaudo \u2013porque sube el precio del barril o porque empezamos a producir m\u00e1s\u2013 vamos a tener que el 40% se nos va en ahorro, el 20% va destinado al medio ambiente, el 15% va a los municipios m\u00e1s pobres y vamos a tener unos recursos que van a generar empleo y diversificaci\u00f3n de la actividad econ\u00f3mica. En el \u00faltimo presupuesto bianual el sobrerecaudo fue de $6 billones, una cifra nada despreciable que va a significar muchos recursos adicionales. Ah\u00ed tambi\u00e9n ir\u00e1 un 20% adicional a los territorios productores. Es decir, estos territorios recuperan recursos para que recuperen el incentivo para permitir la miner\u00eda y la extracci\u00f3n de petr\u00f3leo.<\/span><\/p>\n<p><strong><span lang=\"ES-CO\" xml:lang=\"ES-CO\">ENS:\u00a0<em>La iniciativa estipula que el aumento de los recursos para las entidades territoriales productoras no afectar\u00e1 a los que no lo son\u2026<\/em><\/span><\/strong><\/p>\n<p><strong><span lang=\"ES-CO\" xml:lang=\"ES-CO\">PV:<\/span><\/strong><span lang=\"ES-CO\" xml:lang=\"ES-CO\">\u00a0Nadie pierde aqu\u00ed. Lo que se disminuy\u00f3 fue el ahorro. Lo que se pens\u00f3 fue que Colombia no necesita ahorrar plata, lo que necesita son obras. El gran reto para que esto funcione es la ley reglamentaria que tiene que garantizar una transparencia, democratizaci\u00f3n.<\/span><\/p>\n<p><span lang=\"ES-CO\" xml:lang=\"ES-CO\">Aqu\u00ed no podemos tener gobernadores que utilizan la plata para afiliar alcaldes y garantizar la elecci\u00f3n de quien lo va a suceder. Vamos a tener unos mecanismos de participaci\u00f3n que le permitan a todos los municipios de un departamento poder participar de las regal\u00edas. Debemos tener los sectores productivos y sociales participando, todo el mundo mirando las regal\u00edas porque son de todos.<\/span><\/p>\n<p><strong><span lang=\"ES-CO\" xml:lang=\"ES-CO\">ENS:\u00a0<em>Un elemento importante son los OCAD. \u00bfEn esta ley reglamentaria se crear\u00e1 un nuevo \u00f3rgano? \u00bfCu\u00e1les son los elementos que usted considera deber\u00eda tener este nuevo \u00f3rgano?<\/em><\/span><\/strong><\/p>\n<p><strong><span lang=\"ES-CO\" xml:lang=\"ES-CO\">PV:<\/span><\/strong><span lang=\"ES-CO\" xml:lang=\"ES-CO\">\u00a0Todav\u00eda estamos en la discusi\u00f3n de esa ley. Pero lo que s\u00ed es claro son los elementos de democracia y participaci\u00f3n, donde todo el mundo va a poder participar y ni los gobernadores ni los alcaldes van a utilizar los recursos como si fueran una billetera propia. Tiene que haber unos compromisos, unos criterios orientadores. Por ejemplo, el saneamiento b\u00e1sico y el agua potable. Nosotros no podemos permitir que el saneamiento b\u00e1sico y el agua potable sigan sin ejecutarse.<\/span><\/p>\n<p><strong><span lang=\"ES-CO\" xml:lang=\"ES-CO\">ENS:\u00a0<em>\u00bfCu\u00e1ndo se presentar\u00e1 la ley reglamentaria?<\/em><\/span><\/strong><\/p>\n<p><strong><span lang=\"ES-CO\" xml:lang=\"ES-CO\">PV:<\/span><\/strong><span lang=\"ES-CO\" xml:lang=\"ES-CO\">\u00a0El Gobierno espera radicarla en marzo del pr\u00f3ximo a\u00f1o que empieza la segunda parte de la legislatura y estaremos trabajando con ellos durante estos meses.<\/span><\/p>\n<p><strong>Fuente El Nuevo Siglo.<\/strong><\/p>\n","protected":false},"excerpt":{"rendered":"<p>Para la senadora, el reto para que funcione es que la ley reglamentaria garantice transparencia, democratizaci\u00f3n &nbsp; EL NUEVO SIGLO:\u00a0\u00bfCu\u00e1les son los aspectos m\u00e1s importantes de la reforma al Sistema General de Regal\u00edas, de la que usted fue ponente? PALOMA VALENCIA:\u00a0Este es un proyecto extraordinario que lleva al sistema a un equilibrio que hac\u00eda falta. [&hellip;]<\/p>\n","protected":false},"author":1,"featured_media":0,"comment_status":"closed","ping_status":"closed","sticky":false,"template":"","format":"standard","meta":{"footnotes":""},"categories":[66,51,5476],"tags":[609,10713,6250,587,10714],"class_list":["post-25999","post","type-post","status-publish","format-standard","hentry","category-destacadas","category-nacional","category-politica","tag-ahorro","tag-prioriza","tag-radio-notcias-casanare","tag-regalias","tag-senadora-palencia"],"_links":{"self":[{"href":"https:\/\/radionoticiascasanare.com\/inicio\/wp-json\/wp\/v2\/posts\/25999","targetHints":{"allow":["GET"]}}],"collection":[{"href":"https:\/\/radionoticiascasanare.com\/inicio\/wp-json\/wp\/v2\/posts"}],"about":[{"href":"https:\/\/radionoticiascasanare.com\/inicio\/wp-json\/wp\/v2\/types\/post"}],"author":[{"embeddable":true,"href":"https:\/\/radionoticiascasanare.com\/inicio\/wp-json\/wp\/v2\/users\/1"}],"replies":[{"embeddable":true,"href":"https:\/\/radionoticiascasanare.com\/inicio\/wp-json\/wp\/v2\/comments?post=25999"}],"version-history":[{"count":0,"href":"https:\/\/radionoticiascasanare.com\/inicio\/wp-json\/wp\/v2\/posts\/25999\/revisions"}],"wp:attachment":[{"href":"https:\/\/radionoticiascasanare.com\/inicio\/wp-json\/wp\/v2\/media?parent=25999"}],"wp:term":[{"taxonomy":"category","embeddable":true,"href":"https:\/\/radionoticiascasanare.com\/inicio\/wp-json\/wp\/v2\/categories?post=25999"},{"taxonomy":"post_tag","embeddable":true,"href":"https:\/\/radionoticiascasanare.com\/inicio\/wp-json\/wp\/v2\/tags?post=25999"}],"curies":[{"name":"wp","href":"https:\/\/api.w.org\/{rel}","templated":true}]}}