{"id":26137,"date":"2020-01-04T12:24:02","date_gmt":"2020-01-04T17:24:02","guid":{"rendered":"https:\/\/radionoticiascasanare.com\/inicio\/?p=26137"},"modified":"2020-01-04T12:24:02","modified_gmt":"2020-01-04T17:24:02","slug":"a-la-carcel-fueron-enviados-autores-de-cinco-feminicidios-registrados-en-casanare-en-el-2019-fiscalia-seccional","status":"publish","type":"post","link":"https:\/\/radionoticiascasanare.com\/inicio\/a-la-carcel-fueron-enviados-autores-de-cinco-feminicidios-registrados-en-casanare-en-el-2019-fiscalia-seccional\/","title":{"rendered":"A la C\u00e1rcel fueron enviados autores de cinco Feminicidios registrados en Casanare en el 2019 : Fiscal\u00eda Seccional"},"content":{"rendered":"<p><img fetchpriority=\"high\" decoding=\"async\" class=\" wp-image-26140 alignleft\" src=\"https:\/\/radionoticiascasanare.com\/inicio\/wp-content\/uploads\/2020\/01\/JOHN-FREDDY-ENCINALES-LOTA-1.jpeg\" alt=\"\" width=\"350\" height=\"197\" \/>El Director Seccional de Fiscal\u00edas en Casanare, Jhon Fredy Encinales, revel\u00f3 que en las diferentes investigaciones se logr\u00f3 esclarecer la totalidad de los feminicidios registrados en el departamento durante el a\u00f1o 2019, gracias al trabajo articulado entre la Entidad, la Polic\u00eda Judicial Sij\u00edn\u00a0 de la Polic\u00eda Casanare, el CTI y Medicina Legal.<\/p>\n<p>De acuerdo con el jefe ente investigador en esta zona del pa\u00eds tras las averiguaciones, recopilaci\u00f3n y cotejo de pruebas fueron individualizados, identificados, capturados y en la actualidad pesa sobre los presuntos responsables de los cr\u00edmenes contra mujeres medida de aseguramiento en centro carcelario.<\/p>\n<p>Encinales Lota precis\u00f3 que los municipios donde m\u00e1s se presentaron estos delitos fueron Trinidad con 2 casos, Aguazul con un caso, otro en Man\u00ed y Nunch\u00eda.<\/p>\n<p>El Director de Fiscal\u00edas en Casanare se\u00f1al\u00f3 que todos los casos que se presentaron en el a\u00f1o anterior siempre tuvieron una motivaci\u00f3n de odio hacia a la mujer, y se dieron por no respetar la decisi\u00f3n de las mujeres de no querer continuar con la relaci\u00f3n sentimental, lo que llev\u00f3 a estas personas a que las agredieran f\u00edsicamente hasta ocasionarles la muerte.<\/p>\n<p>Asegur\u00f3 que en el 2020 seguir\u00e1n trabajando en equipo con las dem\u00e1s instituciones para investigar y judicializar a los responsables de este tipo de hechos que se puedan presentar y que arremeten contra la vida de las mujeres en el departamento.<\/p>\n<p>El Director Seccional de Fiscal\u00edas en Casanare convoc\u00f3 a las v\u00edctimas y familiares de este tipo de hechos denunciar oportunamente para evitar que se registren tragedias que enluten hogares casanare\u00f1os.<\/p>\n<p>Fuente y Fotograf\u00eda Radio Noticias Casanare<\/p>\n","protected":false},"excerpt":{"rendered":"<p>El Director Seccional de Fiscal\u00edas en Casanare, Jhon Fredy Encinales, revel\u00f3 que en las diferentes investigaciones se logr\u00f3 esclarecer la totalidad de los feminicidios registrados en el departamento durante el a\u00f1o 2019, gracias al trabajo articulado entre la Entidad, la Polic\u00eda Judicial Sij\u00edn\u00a0 de la Polic\u00eda Casanare, el CTI y Medicina Legal. De acuerdo con [&hellip;]<\/p>\n","protected":false},"author":1,"featured_media":0,"comment_status":"closed","ping_status":"closed","sticky":false,"template":"","format":"standard","meta":{"footnotes":""},"categories":[2,66,27],"tags":[239,3,3597,653,10748,3636,228,238,1301,16],"class_list":["post-26137","post","type-post","status-publish","format-standard","hentry","category-casanare","category-destacadas","category-judicial","tag-aguazul","tag-casanare","tag-direccion-seccional-de-fiscalias","tag-feminicidios","tag-john-fredy-encinales","tag-judiciales","tag-nunchia","tag-radio-noticias-casanare","tag-trinidad","tag-yopal"],"_links":{"self":[{"href":"https:\/\/radionoticiascasanare.com\/inicio\/wp-json\/wp\/v2\/posts\/26137","targetHints":{"allow":["GET"]}}],"collection":[{"href":"https:\/\/radionoticiascasanare.com\/inicio\/wp-json\/wp\/v2\/posts"}],"about":[{"href":"https:\/\/radionoticiascasanare.com\/inicio\/wp-json\/wp\/v2\/types\/post"}],"author":[{"embeddable":true,"href":"https:\/\/radionoticiascasanare.com\/inicio\/wp-json\/wp\/v2\/users\/1"}],"replies":[{"embeddable":true,"href":"https:\/\/radionoticiascasanare.com\/inicio\/wp-json\/wp\/v2\/comments?post=26137"}],"version-history":[{"count":0,"href":"https:\/\/radionoticiascasanare.com\/inicio\/wp-json\/wp\/v2\/posts\/26137\/revisions"}],"wp:attachment":[{"href":"https:\/\/radionoticiascasanare.com\/inicio\/wp-json\/wp\/v2\/media?parent=26137"}],"wp:term":[{"taxonomy":"category","embeddable":true,"href":"https:\/\/radionoticiascasanare.com\/inicio\/wp-json\/wp\/v2\/categories?post=26137"},{"taxonomy":"post_tag","embeddable":true,"href":"https:\/\/radionoticiascasanare.com\/inicio\/wp-json\/wp\/v2\/tags?post=26137"}],"curies":[{"name":"wp","href":"https:\/\/api.w.org\/{rel}","templated":true}]}}