{"id":26201,"date":"2020-01-07T21:32:15","date_gmt":"2020-01-08T02:32:15","guid":{"rendered":"https:\/\/radionoticiascasanare.com\/inicio\/?p=26201"},"modified":"2020-01-07T21:32:15","modified_gmt":"2020-01-08T02:32:15","slug":"el-primer-mensaje-de-pirry-tras-ser-internado-en-un-hospital","status":"publish","type":"post","link":"https:\/\/radionoticiascasanare.com\/inicio\/el-primer-mensaje-de-pirry-tras-ser-internado-en-un-hospital\/","title":{"rendered":"El primer mensaje de &#8216;Pirry&#8217; tras ser internado en un Hospital"},"content":{"rendered":"<p><img decoding=\"async\" class=\"wp-image-26203 size-medium alignleft\" src=\"https:\/\/radionoticiascasanare.com\/inicio\/wp-content\/uploads\/2020\/01\/Screenshot_20200107-212233_1-119x192.png\" alt=\"\" width=\"119\" height=\"192\" \/>Este puente de Reyes se conoci\u00f3 que el\u00a0<strong>periodista boyacense &#8216;Pirry&#8217;<\/strong>\u00a0fue\u00a0<strong>internado en un hospital en Tunja<\/strong>\u00a0debido a un\u00a0<strong>cuadro de estr\u00e9s.<\/strong><\/p>\n<div>\n<p>El periodista rompi\u00f3 su silencio y\u00a0<strong>envi\u00f3 a trav\u00e9s de redes sociales un mensaje a quienes se preocuparon por su estado de salud<\/strong> y que por diferentes medio le enviaron su &#8220;voz de aliento&#8221;.<\/p>\n<p>Durante estos \u00faltimos tres d\u00edas he recibido gran cantidad de mensajes de apoyo y cari\u00f1o a prop\u00f3sito de mi estado de salud\u00a0<strong>( y eso que no lo hab\u00eda hecho p\u00fablico).<\/strong>\u00a0Muchos de ustedes no lo saben pero desde hace a\u00f1os enfrento episodios de depresi\u00f3n y ansiedad.\u00a0<strong>Comenzaron mientras trabajaba en mi programa<\/strong>\u00a0de RCN y llegaron las primeras amenazas y agresiones telef\u00f3nicas y luego en las redes&#8221;, dijo Pirry.<\/p>\n<p>Tambi\u00e9n escribi\u00f3: &#8220;<strong>esa fue una de las razones por las que me tom\u00e9 un a\u00f1o sab\u00e1tico<\/strong>\u00a0y es algo que incluso he compartido en mi obra de teatro \u201cPirry y el volc\u00e1n. El estr\u00e9s es un asesino silencioso y la depresi\u00f3n una enfermedad seria.\u00a0<strong>En estos tiempos mi situaci\u00f3n es mucho mejor que en el 2014.<\/strong>\u00a0Por ejemplo, pero cada tanto\u00a0<strong>regresa de pronto como un ataque de ansiedad o una crisis nerviosa&#8221;.<\/strong><\/p>\n<div>\n<p>Finalmente el boyacense puntualiz\u00f3 cu\u00e1l fue el detonante final que lo llev\u00f3 al hospital: &#8220;<strong>Un cuadro de depresi\u00f3n me ha tra\u00eddo al hospital nuevamente<\/strong>\u00a0pero con la compa\u00f1\u00eda de mi familia el apoyo m\u00e9dico y obvio todos sus mensajes, ya estoy mucho mejor y ojal\u00e1 entre ma\u00f1ana y\u00a0<strong>pasado ma\u00f1ana estar\u00e9 en mi casa&#8221;.<\/strong><\/p>\n<div class=\"publi\">\n<div class=\"\"><\/div>\n<\/div>\n<\/div>\n<p>Para cerrar el mensaje, agradeci\u00f3 todas las muestras de cari\u00f1o y afecto que tuvierion con \u00e9l en este duro momento de su vida: &#8220;<strong>De verdad agradecido por todo su apoyo y cari\u00f1o les mando un gran abrazo a todos y mi solidaridad a todos los que pasan por esta enfermedad&#8221;.<\/strong><\/p>\n<p>El mensaje est\u00e1 acompa\u00f1ado de una foto en la que aparece con su familia.<img decoding=\"async\" class=\"wp-image-26202 size-medium alignleft\" src=\"https:\/\/radionoticiascasanare.com\/inicio\/wp-content\/uploads\/2020\/01\/Screenshot_20200107-212600_1-125x192.png\" alt=\"\" width=\"125\" height=\"192\" \/><\/p>\n<p><strong>Fuente CaracolRadio<\/strong><\/p>\n<p>&nbsp;<\/p>\n<\/div>\n","protected":false},"excerpt":{"rendered":"<p>Este puente de Reyes se conoci\u00f3 que el\u00a0periodista boyacense &#8216;Pirry&#8217;\u00a0fue\u00a0internado en un hospital en Tunja\u00a0debido a un\u00a0cuadro de estr\u00e9s. El periodista rompi\u00f3 su silencio y\u00a0envi\u00f3 a trav\u00e9s de redes sociales un mensaje a quienes se preocuparon por su estado de salud y que por diferentes medio le enviaron su &#8220;voz de aliento&#8221;. Durante estos \u00faltimos [&hellip;]<\/p>\n","protected":false},"author":1,"featured_media":0,"comment_status":"closed","ping_status":"closed","sticky":false,"template":"","format":"standard","meta":{"footnotes":""},"categories":[66,3782,168],"tags":[5491,7725,7798,10764,10768,238,1842],"class_list":["post-26201","post","type-post","status-publish","format-standard","hentry","category-destacadas","category-entretenimiento","category-generales","tag-depresion","tag-entretenimiento","tag-hospitalizado","tag-pirry","tag-primer-mensaje","tag-radio-noticias-casanare","tag-tunja"],"_links":{"self":[{"href":"https:\/\/radionoticiascasanare.com\/inicio\/wp-json\/wp\/v2\/posts\/26201","targetHints":{"allow":["GET"]}}],"collection":[{"href":"https:\/\/radionoticiascasanare.com\/inicio\/wp-json\/wp\/v2\/posts"}],"about":[{"href":"https:\/\/radionoticiascasanare.com\/inicio\/wp-json\/wp\/v2\/types\/post"}],"author":[{"embeddable":true,"href":"https:\/\/radionoticiascasanare.com\/inicio\/wp-json\/wp\/v2\/users\/1"}],"replies":[{"embeddable":true,"href":"https:\/\/radionoticiascasanare.com\/inicio\/wp-json\/wp\/v2\/comments?post=26201"}],"version-history":[{"count":0,"href":"https:\/\/radionoticiascasanare.com\/inicio\/wp-json\/wp\/v2\/posts\/26201\/revisions"}],"wp:attachment":[{"href":"https:\/\/radionoticiascasanare.com\/inicio\/wp-json\/wp\/v2\/media?parent=26201"}],"wp:term":[{"taxonomy":"category","embeddable":true,"href":"https:\/\/radionoticiascasanare.com\/inicio\/wp-json\/wp\/v2\/categories?post=26201"},{"taxonomy":"post_tag","embeddable":true,"href":"https:\/\/radionoticiascasanare.com\/inicio\/wp-json\/wp\/v2\/tags?post=26201"}],"curies":[{"name":"wp","href":"https:\/\/api.w.org\/{rel}","templated":true}]}}