{"id":26300,"date":"2020-01-13T21:41:38","date_gmt":"2020-01-14T02:41:38","guid":{"rendered":"https:\/\/radionoticiascasanare.com\/inicio\/?p=26300"},"modified":"2020-01-13T21:41:38","modified_gmt":"2020-01-14T02:41:38","slug":"en-vichada-fue-capturado-un-hombre-por-el-delito-de-hurto","status":"publish","type":"post","link":"https:\/\/radionoticiascasanare.com\/inicio\/en-vichada-fue-capturado-un-hombre-por-el-delito-de-hurto\/","title":{"rendered":"En Vichada fue capturado un hombre por el delito de hurto"},"content":{"rendered":"<p><span style=\"font-weight: 400;\"><img fetchpriority=\"high\" decoding=\"async\" class=\"wp-image-26301 size-medium alignleft\" src=\"https:\/\/radionoticiascasanare.com\/inicio\/wp-content\/uploads\/2020\/01\/capturado-la-primavera-288x192.png\" alt=\"\" width=\"288\" height=\"192\" \/>Gracias a la r\u00e1pida acci\u00f3n de los uniformados adscritos al Modelo Nacional de Vigilancia Comunitaria por Cuadrante del municipio de La Primavera, se llev\u00f3 a cabo la captura en flagrancia de un hombre de 31 a\u00f1os de edad, quien minutos antes habr\u00eda hurtado a una mujer su equipo celular.\u00a0<\/span><\/p>\n<p><span style=\"font-weight: 400;\">Una vez, fue puesto en conocimiento este delito a la Polic\u00eda Nacional, uniformados quienes se encontraban realizando labores de patrullaje por el sector, m\u00e1s exactamente en el barrio Divino Ni\u00f1o, llevan a cabo la identificaci\u00f3n de una persona de sexo masculino el cual fue se\u00f1alado por la v\u00edctima, como la persona responsable de haber hurtado su celular; al realizar el procedimiento de registro a personas es encontrado en su poder el celular, el cual cumple con las caracter\u00edsticas se\u00f1aladas por su propietaria.<\/span><\/p>\n<p><span style=\"font-weight: 400;\">Inmediatamente se procede a realizar la captura del sujeto, quien es trasladado a las instalaciones de la Fiscal\u00eda Primera Local del municipio, donde se adelantan los actos urgentes dejando a disposici\u00f3n el capturado.<\/span><\/p>\n<p><span style=\"font-weight: 400;\">La Polic\u00eda Nacional invita a los ciudadanos a denunciar este tipo de acciones y as\u00ed brindar seguridad en todo el Departamento del Vichada.\u00a0\u00a0<\/span><\/p>\n<p><span style=\"font-weight: 400;\">Actuaremos con firmeza frente al hurto en todas sus modalidades en desarrollo del primer pilar \u201cuna polic\u00eda para la gente\u201d y la estrategia \u201cEl que la hace la paga\u201d manifest\u00f3 el se\u00f1or Coronel GUILLEN ALEXANDER AMAYA OLMOS Comandante Departamento de Polic\u00eda Vichada.\u00a0<\/span><\/p>\n<p><strong>Fuente Polic\u00eda Vichada.<\/strong><\/p>\n","protected":false},"excerpt":{"rendered":"<p>Gracias a la r\u00e1pida acci\u00f3n de los uniformados adscritos al Modelo Nacional de Vigilancia Comunitaria por Cuadrante del municipio de La Primavera, se llev\u00f3 a cabo la captura en flagrancia de un hombre de 31 a\u00f1os de edad, quien minutos antes habr\u00eda hurtado a una mujer su equipo celular.\u00a0 Una vez, fue puesto en conocimiento [&hellip;]<\/p>\n","protected":false},"author":1,"featured_media":0,"comment_status":"closed","ping_status":"closed","sticky":false,"template":"","format":"standard","meta":{"footnotes":""},"categories":[66,27,132],"tags":[4469,10810,7490,363,277,196,238,218],"class_list":["post-26300","post","type-post","status-publish","format-standard","hentry","category-destacadas","category-judicial","category-orinoquia","tag-capturado","tag-celular","tag-hombre","tag-hurto","tag-judicial","tag-policia","tag-radio-noticias-casanare","tag-vichada"],"_links":{"self":[{"href":"https:\/\/radionoticiascasanare.com\/inicio\/wp-json\/wp\/v2\/posts\/26300","targetHints":{"allow":["GET"]}}],"collection":[{"href":"https:\/\/radionoticiascasanare.com\/inicio\/wp-json\/wp\/v2\/posts"}],"about":[{"href":"https:\/\/radionoticiascasanare.com\/inicio\/wp-json\/wp\/v2\/types\/post"}],"author":[{"embeddable":true,"href":"https:\/\/radionoticiascasanare.com\/inicio\/wp-json\/wp\/v2\/users\/1"}],"replies":[{"embeddable":true,"href":"https:\/\/radionoticiascasanare.com\/inicio\/wp-json\/wp\/v2\/comments?post=26300"}],"version-history":[{"count":0,"href":"https:\/\/radionoticiascasanare.com\/inicio\/wp-json\/wp\/v2\/posts\/26300\/revisions"}],"wp:attachment":[{"href":"https:\/\/radionoticiascasanare.com\/inicio\/wp-json\/wp\/v2\/media?parent=26300"}],"wp:term":[{"taxonomy":"category","embeddable":true,"href":"https:\/\/radionoticiascasanare.com\/inicio\/wp-json\/wp\/v2\/categories?post=26300"},{"taxonomy":"post_tag","embeddable":true,"href":"https:\/\/radionoticiascasanare.com\/inicio\/wp-json\/wp\/v2\/tags?post=26300"}],"curies":[{"name":"wp","href":"https:\/\/api.w.org\/{rel}","templated":true}]}}