{"id":26311,"date":"2020-01-14T06:30:01","date_gmt":"2020-01-14T11:30:01","guid":{"rendered":"https:\/\/radionoticiascasanare.com\/inicio\/?p=26311"},"modified":"2020-01-14T06:30:01","modified_gmt":"2020-01-14T11:30:01","slug":"en-villanueva-hombre-enfurecido-agredio-4-personas-entre-ellos-dos-policias","status":"publish","type":"post","link":"https:\/\/radionoticiascasanare.com\/inicio\/en-villanueva-hombre-enfurecido-agredio-4-personas-entre-ellos-dos-policias\/","title":{"rendered":"En Villanueva, hombre &#8220;enfurecido&#8221; agredi\u00f3 4 personas entre ellos dos polic\u00edas"},"content":{"rendered":"<p><img fetchpriority=\"high\" decoding=\"async\" class=\"wp-image-26312 size-medium alignleft\" src=\"https:\/\/radionoticiascasanare.com\/inicio\/wp-content\/uploads\/2020\/01\/Screenshot_20200113-223245_1-268x192.png\" alt=\"\" width=\"268\" height=\"192\" \/>En la calle 2 con carrera 9 del barrio Brisas de Villanueva, uniformados de la Polic\u00eda en Casanare capturaron a un hombre de 25 a\u00f1os, quien con un pico de botella agredi\u00f3 a un hombre de 35 a\u00f1os, a quien le ocasiona una herida que le da una incapacidad provisional de 15 d\u00edas.<\/p>\n<p>De igual forma lesion\u00f3 a un hombre de 35 a\u00f1os, el cual presenta una herida en el brazo izquierdo, con una incapacidad provisional de 15 d\u00edas.<\/p>\n<p>Al instante de la captura este hombre agredi\u00f3 a dos patrulleros que atendieron el caso, los funcionarios p\u00fablicos por las heridas obtuvieron incapacidades de 3 y 10 d\u00edas respectivamente.<\/p>\n<p>El capturado fue dejado a disposici\u00f3n de la Fiscal\u00eda 26 local de Monterrey, por los delitos de lesiones personales y violencia contra servidor p\u00fablico.<\/p>\n<p><strong>Fuente Polic\u00eda Casanare.<\/strong><\/p>\n","protected":false},"excerpt":{"rendered":"<p>En la calle 2 con carrera 9 del barrio Brisas de Villanueva, uniformados de la Polic\u00eda en Casanare capturaron a un hombre de 25 a\u00f1os, quien con un pico de botella agredi\u00f3 a un hombre de 35 a\u00f1os, a quien le ocasiona una herida que le da una incapacidad provisional de 15 d\u00edas. De igual [&hellip;]<\/p>\n","protected":false},"author":1,"featured_media":0,"comment_status":"closed","ping_status":"closed","sticky":false,"template":"","format":"standard","meta":{"footnotes":""},"categories":[2,66,27],"tags":[10813,7716,277,1032,207,238,10814],"class_list":["post-26311","post","type-post","status-publish","format-standard","hentry","category-casanare","category-destacadas","category-judicial","tag-agresion","tag-autoridades","tag-judicial","tag-lesiones-personales","tag-policia-casanare","tag-radio-noticias-casanare","tag-violencia-contra-servidor-publico"],"_links":{"self":[{"href":"https:\/\/radionoticiascasanare.com\/inicio\/wp-json\/wp\/v2\/posts\/26311","targetHints":{"allow":["GET"]}}],"collection":[{"href":"https:\/\/radionoticiascasanare.com\/inicio\/wp-json\/wp\/v2\/posts"}],"about":[{"href":"https:\/\/radionoticiascasanare.com\/inicio\/wp-json\/wp\/v2\/types\/post"}],"author":[{"embeddable":true,"href":"https:\/\/radionoticiascasanare.com\/inicio\/wp-json\/wp\/v2\/users\/1"}],"replies":[{"embeddable":true,"href":"https:\/\/radionoticiascasanare.com\/inicio\/wp-json\/wp\/v2\/comments?post=26311"}],"version-history":[{"count":0,"href":"https:\/\/radionoticiascasanare.com\/inicio\/wp-json\/wp\/v2\/posts\/26311\/revisions"}],"wp:attachment":[{"href":"https:\/\/radionoticiascasanare.com\/inicio\/wp-json\/wp\/v2\/media?parent=26311"}],"wp:term":[{"taxonomy":"category","embeddable":true,"href":"https:\/\/radionoticiascasanare.com\/inicio\/wp-json\/wp\/v2\/categories?post=26311"},{"taxonomy":"post_tag","embeddable":true,"href":"https:\/\/radionoticiascasanare.com\/inicio\/wp-json\/wp\/v2\/tags?post=26311"}],"curies":[{"name":"wp","href":"https:\/\/api.w.org\/{rel}","templated":true}]}}