{"id":26975,"date":"2020-03-05T06:58:47","date_gmt":"2020-03-05T11:58:47","guid":{"rendered":"https:\/\/radionoticiascasanare.com\/inicio\/?p=26975"},"modified":"2020-03-05T06:58:47","modified_gmt":"2020-03-05T11:58:47","slug":"incendio-forestal-de-la-vereda-alta-gracia-en-trinidad-con-ribetes-preocupantes","status":"publish","type":"post","link":"https:\/\/radionoticiascasanare.com\/inicio\/incendio-forestal-de-la-vereda-alta-gracia-en-trinidad-con-ribetes-preocupantes\/","title":{"rendered":"Incendio forestal de la Vereda Alta Gracia en Trinidad con ribetes preocupantes"},"content":{"rendered":"<p><img decoding=\"async\" class=\"alignleft wp-image-26976 \" src=\"https:\/\/radionoticiascasanare.com\/inicio\/wp-content\/uploads\/2020\/03\/WhatsApp-Image-2020-03-04-at-4.03.57-PM-e1583409341184.jpeg\" alt=\"\" width=\"300\" height=\"145\" \/>20 unidades de Bomberos Yopal, se movilizaron hacia la Vereda Alta Gracias en zona rural de Trinidad para apoyar la emergencia que se presenta en este sector por un fuerte incendio forestal, que lleva activo m\u00e1s de cuatro d\u00edas.<\/p>\n<p>El Comandante de Bomberos Yopal, Cp Harbey Ram\u00edrez afirm\u00f3 que la topograf\u00eda, sumado a los fuertes vientos, intensas temperaturas y poca agua han incidido para que se mantenga el incendio forestal.<\/p>\n<p>El oficial indic\u00f3 que el acceso al sitio es bastante complejo y dif\u00edcil y el desplazamiento de los hombres que atienden el incendio forestal manualmente por lo que se hace m\u00e1s dispendioso el trabajo de control de las llamas.<\/p>\n<p>El ingeniero Guillermo P\u00e9rez, Director de la Unidad Departamental de Gesti\u00f3n del Riesgo instal\u00f3 en Trinidad el puesto de Mando Unificado para atender la emergencia.<\/p>\n<p>Gobernaci\u00f3n de Casanare mantiene banco de reserva humanitaria compuesto por elementos de cocina, kits de cama, colchonetas, hamacas, cobijas, s\u00e1banas y toldillos y zinc con amarres, que ser\u00e1n destinados a la atenci\u00f3n de familias que resulten damnificadas por eventos naturales. que atender\u00e1 familias afectadas por incendios en sus viviendas.<\/p>\n","protected":false},"excerpt":{"rendered":"<p>20 unidades de Bomberos Yopal, se movilizaron hacia la Vereda Alta Gracias en zona rural de Trinidad para apoyar la emergencia que se presenta en este sector por un fuerte incendio forestal, que lleva activo m\u00e1s de cuatro d\u00edas. El Comandante de Bomberos Yopal, Cp Harbey Ram\u00edrez afirm\u00f3 que la topograf\u00eda, sumado a los fuertes [&hellip;]<\/p>\n","protected":false},"author":1,"featured_media":0,"comment_status":"closed","ping_status":"closed","sticky":false,"template":"","format":"standard","meta":{"footnotes":""},"categories":[2,66,8492,8493],"tags":[899,3,358,238,910,1301,11011],"class_list":["post-26975","post","type-post","status-publish","format-standard","hentry","category-casanare","category-destacadas","category-noticias-casanare","category-noticias-de-casanare","tag-bomberos","tag-casanare","tag-incendio-forestal","tag-radio-noticias-casanare","tag-reserva-natural","tag-trinidad","tag-vereda-altagracia"],"_links":{"self":[{"href":"https:\/\/radionoticiascasanare.com\/inicio\/wp-json\/wp\/v2\/posts\/26975","targetHints":{"allow":["GET"]}}],"collection":[{"href":"https:\/\/radionoticiascasanare.com\/inicio\/wp-json\/wp\/v2\/posts"}],"about":[{"href":"https:\/\/radionoticiascasanare.com\/inicio\/wp-json\/wp\/v2\/types\/post"}],"author":[{"embeddable":true,"href":"https:\/\/radionoticiascasanare.com\/inicio\/wp-json\/wp\/v2\/users\/1"}],"replies":[{"embeddable":true,"href":"https:\/\/radionoticiascasanare.com\/inicio\/wp-json\/wp\/v2\/comments?post=26975"}],"version-history":[{"count":0,"href":"https:\/\/radionoticiascasanare.com\/inicio\/wp-json\/wp\/v2\/posts\/26975\/revisions"}],"wp:attachment":[{"href":"https:\/\/radionoticiascasanare.com\/inicio\/wp-json\/wp\/v2\/media?parent=26975"}],"wp:term":[{"taxonomy":"category","embeddable":true,"href":"https:\/\/radionoticiascasanare.com\/inicio\/wp-json\/wp\/v2\/categories?post=26975"},{"taxonomy":"post_tag","embeddable":true,"href":"https:\/\/radionoticiascasanare.com\/inicio\/wp-json\/wp\/v2\/tags?post=26975"}],"curies":[{"name":"wp","href":"https:\/\/api.w.org\/{rel}","templated":true}]}}