{"id":27390,"date":"2020-05-02T13:20:51","date_gmt":"2020-05-02T18:20:51","guid":{"rendered":"https:\/\/radionoticiascasanare.com\/inicio\/?p=27390"},"modified":"2020-05-02T13:20:51","modified_gmt":"2020-05-02T18:20:51","slug":"79-padres-de-familia-multados-en-casanare-por-permitir-que-sus-hijos-deambulen-por-las-calles","status":"publish","type":"post","link":"https:\/\/radionoticiascasanare.com\/inicio\/79-padres-de-familia-multados-en-casanare-por-permitir-que-sus-hijos-deambulen-por-las-calles\/","title":{"rendered":"79 padres de familia multados en Casanare por permitir que sus hijos deambulen por las calles"},"content":{"rendered":"<p><img decoding=\"async\" class=\"wp-image-27391 alignleft\" src=\"https:\/\/radionoticiascasanare.com\/inicio\/wp-content\/uploads\/2020\/05\/PADRES-SANCIONADOS-320x127.png\" alt=\"\" width=\"297\" height=\"118\" \/>Con meg\u00e1fono en mano, el Grupo de Protecci\u00f3n de Infancia y Adolescencia\u00a0\u00a0de la Polic\u00eda en Casanare recorre a diario los barrios y comunas de Yopal, invitando a la comunidad, en especial a los ni\u00f1os a permanecer en sus viviendas con el fin de acatar las disposiciones del Gobierno Nacional para evitar el contagio\u00a0por cuenta del Covid-19.<\/p>\n<p>El reporte oficial indica que de manera reiterativa se han sorprendido a menores y adolescentes deambulando por las calles sin que los padres conozcan la situaci\u00f3n, adem\u00e1s exponiendo la salud\u00a0\u00a0de ellos y la de sus familiares.<\/p>\n<p>As\u00ed mismo, en los planes que a diario adelantan las unidades de polic\u00eda de infancia y Adolescencia ya son varios los llamados de atenci\u00f3n que se han hecho a los padres de familia advirtiendo sobre\u00a0las sanciones a las que se podr\u00edan ver expuestos si se encuentran a menores de edad por fuera de sus hogares.<\/p>\n<p>El Comando de Polic\u00eda en Casanare inform\u00f3 que en lo que va corrido de la emergencia sanitaria se han impuesto en el departamento, 79 comparendos a padres de familia por incumplir el aislamiento\u00a0preventivo obligatorio de sus hijos.<\/p>\n<p>Fuente y Fotograf\u00eda Radio Noticias Casanare<\/p>\n","protected":false},"excerpt":{"rendered":"<p>Con meg\u00e1fono en mano, el Grupo de Protecci\u00f3n de Infancia y Adolescencia\u00a0\u00a0de la Polic\u00eda en Casanare recorre a diario los barrios y comunas de Yopal, invitando a la comunidad, en especial a los ni\u00f1os a permanecer en sus viviendas con el fin de acatar las disposiciones del Gobierno Nacional para evitar el contagio\u00a0por cuenta del [&hellip;]<\/p>\n","protected":false},"author":1,"featured_media":0,"comment_status":"closed","ping_status":"closed","sticky":false,"template":"","format":"standard","meta":{"footnotes":""},"categories":[2,66,8492,8493],"tags":[11032,3,11033,6,11098,11219,238,16],"class_list":["post-27390","post","type-post","status-publish","format-standard","hentry","category-casanare","category-destacadas","category-noticias-casanare","category-noticias-de-casanare","tag-aislamiento","tag-casanare","tag-covid-19","tag-ninos","tag-obligatorio","tag-polici-infancia-y-adolescencia","tag-radio-noticias-casanare","tag-yopal"],"_links":{"self":[{"href":"https:\/\/radionoticiascasanare.com\/inicio\/wp-json\/wp\/v2\/posts\/27390","targetHints":{"allow":["GET"]}}],"collection":[{"href":"https:\/\/radionoticiascasanare.com\/inicio\/wp-json\/wp\/v2\/posts"}],"about":[{"href":"https:\/\/radionoticiascasanare.com\/inicio\/wp-json\/wp\/v2\/types\/post"}],"author":[{"embeddable":true,"href":"https:\/\/radionoticiascasanare.com\/inicio\/wp-json\/wp\/v2\/users\/1"}],"replies":[{"embeddable":true,"href":"https:\/\/radionoticiascasanare.com\/inicio\/wp-json\/wp\/v2\/comments?post=27390"}],"version-history":[{"count":0,"href":"https:\/\/radionoticiascasanare.com\/inicio\/wp-json\/wp\/v2\/posts\/27390\/revisions"}],"wp:attachment":[{"href":"https:\/\/radionoticiascasanare.com\/inicio\/wp-json\/wp\/v2\/media?parent=27390"}],"wp:term":[{"taxonomy":"category","embeddable":true,"href":"https:\/\/radionoticiascasanare.com\/inicio\/wp-json\/wp\/v2\/categories?post=27390"},{"taxonomy":"post_tag","embeddable":true,"href":"https:\/\/radionoticiascasanare.com\/inicio\/wp-json\/wp\/v2\/tags?post=27390"}],"curies":[{"name":"wp","href":"https:\/\/api.w.org\/{rel}","templated":true}]}}