{"id":27396,"date":"2020-05-04T07:51:14","date_gmt":"2020-05-04T12:51:14","guid":{"rendered":"https:\/\/radionoticiascasanare.com\/inicio\/?p=27396"},"modified":"2020-05-04T07:51:14","modified_gmt":"2020-05-04T12:51:14","slug":"conductor-sancionado-por-conducir-en-estado-de-embriaguez-en-el-sector-de-la-guafilla-jurisdiccion-de-yopal","status":"publish","type":"post","link":"https:\/\/radionoticiascasanare.com\/inicio\/conductor-sancionado-por-conducir-en-estado-de-embriaguez-en-el-sector-de-la-guafilla-jurisdiccion-de-yopal\/","title":{"rendered":"Conductor sancionado por conducir en estado de embriaguez en el sector de La Guafilla jurisdicci\u00f3n de Yopal"},"content":{"rendered":"<div><img decoding=\"async\" class=\" wp-image-27397 alignleft\" src=\"https:\/\/radionoticiascasanare.com\/inicio\/wp-content\/uploads\/2020\/05\/ACCIDENTE-B\u00c1SCULA-GUAFILLA-320x189.jpg\" alt=\"\" width=\"253\" height=\"149\" \/>Un accidente de tr\u00e1nsito se registr\u00f3 la noche de este s\u00e1bado sobre las 11 de la noche en el corredor vial Yopal &#8211; Aguazul, a la altura de la vereda La Guafilla de Yopal, donde seg\u00fan la Polic\u00eda de Tr\u00e1nsito el conductor de un vehiculo particular choc\u00f3 violentamente contra las rampas de la b\u00e1scula y termin\u00f3 volc\u00e1ndose en la v\u00eda.<\/div>\n<div><\/div>\n<div>Por ese hecho la Seccional de Tr\u00e1nsito y Transporte de la Polic\u00eda de Casanare, \u00a0impuso al conductor dos comparendos, uno por conducir en estado de embriaguez luego de que se le practicara la prueba de alcoholemia y esta arrojara grado 2 de alcohol, al tiempo se le inmoviliz\u00f3 el veh\u00edculo y se le impuso un segundo comparendo por infringir el C\u00f3digo de Convivencia y Seguridad Ciudadana.<\/div>\n<div><\/div>\n<div dir=\"auto\"><img decoding=\"async\" class=\"wp-image-27398 aligncenter\" src=\"https:\/\/radionoticiascasanare.com\/inicio\/wp-content\/uploads\/2020\/05\/FB_IMG_1588539965499-214x192.jpg\" alt=\"\" width=\"128\" height=\"115\" \/>El infractor fue capturado en flagrancia por el delito de violaci\u00f3n a medida de aislamiento obligatorio, en el marco del Decreto de emergencia sanitaria, emitida por Gobierno Nacional y el caso fue dejado a disposici\u00f3n de la Fiscal\u00eda 30 local URI de Yopal.<\/div>\n<div dir=\"auto\"><\/div>\n<div dir=\"auto\">Fuente y Fotorgraf\u00eda Radio Noticias Casanare &#8211; Direcci\u00f3n de Tr\u00e1nsito Polic\u00eda Casanare<\/div>\n","protected":false},"excerpt":{"rendered":"<p>Un accidente de tr\u00e1nsito se registr\u00f3 la noche de este s\u00e1bado sobre las 11 de la noche en el corredor vial Yopal &#8211; Aguazul, a la altura de la vereda La Guafilla de Yopal, donde seg\u00fan la Polic\u00eda de Tr\u00e1nsito el conductor de un vehiculo particular choc\u00f3 violentamente contra las rampas de la b\u00e1scula y [&hellip;]<\/p>\n","protected":false},"author":1,"featured_media":0,"comment_status":"closed","ping_status":"closed","sticky":false,"template":"","format":"standard","meta":{"footnotes":""},"categories":[2,66,8492],"tags":[1944,10978,3,882,3013,3017,238,7585],"class_list":["post-27396","post","type-post","status-publish","format-standard","hentry","category-casanare","category-destacadas","category-noticias-casanare","tag-accidente-de-transito","tag-bascula","tag-casanare","tag-covioriente","tag-la-guafilla","tag-policia-de-transito","tag-radio-noticias-casanare","tag-volcamiento"],"_links":{"self":[{"href":"https:\/\/radionoticiascasanare.com\/inicio\/wp-json\/wp\/v2\/posts\/27396","targetHints":{"allow":["GET"]}}],"collection":[{"href":"https:\/\/radionoticiascasanare.com\/inicio\/wp-json\/wp\/v2\/posts"}],"about":[{"href":"https:\/\/radionoticiascasanare.com\/inicio\/wp-json\/wp\/v2\/types\/post"}],"author":[{"embeddable":true,"href":"https:\/\/radionoticiascasanare.com\/inicio\/wp-json\/wp\/v2\/users\/1"}],"replies":[{"embeddable":true,"href":"https:\/\/radionoticiascasanare.com\/inicio\/wp-json\/wp\/v2\/comments?post=27396"}],"version-history":[{"count":0,"href":"https:\/\/radionoticiascasanare.com\/inicio\/wp-json\/wp\/v2\/posts\/27396\/revisions"}],"wp:attachment":[{"href":"https:\/\/radionoticiascasanare.com\/inicio\/wp-json\/wp\/v2\/media?parent=27396"}],"wp:term":[{"taxonomy":"category","embeddable":true,"href":"https:\/\/radionoticiascasanare.com\/inicio\/wp-json\/wp\/v2\/categories?post=27396"},{"taxonomy":"post_tag","embeddable":true,"href":"https:\/\/radionoticiascasanare.com\/inicio\/wp-json\/wp\/v2\/tags?post=27396"}],"curies":[{"name":"wp","href":"https:\/\/api.w.org\/{rel}","templated":true}]}}