{"id":27555,"date":"2020-05-20T08:18:50","date_gmt":"2020-05-20T13:18:50","guid":{"rendered":"https:\/\/radionoticiascasanare.com\/inicio\/?p=27555"},"modified":"2020-05-20T08:18:50","modified_gmt":"2020-05-20T13:18:50","slug":"las-medidas-economicas-extremas-de-ecuador-por-crisis-de-covid-19","status":"publish","type":"post","link":"https:\/\/radionoticiascasanare.com\/inicio\/las-medidas-economicas-extremas-de-ecuador-por-crisis-de-covid-19\/","title":{"rendered":"Las medidas econ\u00f3micas extremas de Ecuador por crisis de covid-19"},"content":{"rendered":"<p><img fetchpriority=\"high\" decoding=\"async\" class=\"size-medium wp-image-27556 alignleft\" src=\"https:\/\/radionoticiascasanare.com\/inicio\/wp-content\/uploads\/2020\/05\/efe-320x160.jpeg\" alt=\"EFE- eltiempo.com\" width=\"320\" height=\"160\" \/>El gobierno del presidente ecuatoriano, Len\u00edn Moreno, recortar\u00e1 cuatro mil millones de d\u00f3lares del gasto p\u00fablico como medida para enfrentar el abismo econ\u00f3mico que vive su pa\u00eds y la pandemia del coronavirus, lo que implica un \u2018paquetazo\u2019 de duras medidas para uno de los pa\u00edses latinoamericanos m\u00e1s afectados por la crisis sanitaria: 2.839 fallecidos oficiales, 1.692 probables y 34.151 positivos.<\/p>\n<p id=\"p497374-m232-2-233\" class=\"contenido\">En una cadena nacional, difundida a las 7 de la ma\u00f1ana, Moreno liber\u00f3 el precio de los combustibles alineados al crudo marcador WTI (West Texas Intermediate), lo que implica<b>\u00a0el fin de una larga era de subsidios a la gasolina, que en anteriores ocasiones ha causado revueltas y duras protestas.<\/b><\/p>\n<p>(Lea tambi\u00e9n:<a href=\"https:\/\/www.eltiempo.com\/mundo\/eeuu-y-canada\/donald-trump-amenaza-con-retirar-fondos-de-estados-unidos-a-la-organizacion-mundial-de-la-salud-496986\" target=\"_blank\" rel=\"noopener noreferrer\">\u00a0<b>Trump amenaza con cortar la financiaci\u00f3n de EE. UU. a la OMS<\/b>)<br \/>\n<\/a><br \/>\nHacia el futuro, los precios se fijar\u00e1n mediante un nuevo sistema de bandas, revisado mensualmente, que impedir\u00e1n un incremento dr\u00e1stico si el precio del petr\u00f3leo sube. Moreno explicaba que con el sistema existente los ecuatorianos no pod\u00edan gozar de la baja de los precios internacionales del crudo.<\/p>\n<p id=\"p497374-m238-3-239\" class=\"contenido\">El mandatario tambi\u00e9n dijo que cerrar\u00e1 embajadas y reducir\u00e1 personal diplom\u00e1tico en Venezuela, M\u00e9xico o Ir\u00e1n y eliminar\u00e1 siete empresas estatales, entre ellas la empresa de correos estatales y la aerol\u00ednea Tame (400 millones de d\u00f3lares de p\u00e9rdidas en cinco a\u00f1os).<\/p>\n<p>Solo se preservar\u00e1n las rutas donde no haya presencia de aerol\u00edneas locales.<br \/>\nSeg\u00fan Moreno, se le dar\u00e1 prioridad al gasto p\u00fablico de sectores como salud, educaci\u00f3n, protecci\u00f3n social y seguridad en detrimento de otras \u00e1reas.\u00a0<b>Seg\u00fan sus cuentas, han dejado de ingresar al pa\u00eds 12.000 millones de d\u00f3lares. A ello se suma que 150.000 ecuatorianos han perdido sus trabajos.<\/b><b><\/b><\/p>\n<div id=\"p497374-m250-5-251\" class=\"articulo-quote\">\n<div class=\"quote-bk\">\n<p id=\"m255-254-256\" class=\"mensaje\">Sumadas todas las guerras y desastres naturales que ha sufrido el pa\u00eds a lo largo de la historia, nunca llegar\u00edamos a las p\u00e9rdidas humanas y econ\u00f3micas que hoy vivimos<\/p>\n<\/div>\n<\/div>\n<p id=\"p497374-m274-6-275\" class=\"contenido\">\u201cSumadas todas las guerras y desastres naturales que ha sufrido el pa\u00eds a lo largo de la historia, nunca llegar\u00edamos a las p\u00e9rdidas humanas y econ\u00f3micas que hoy vivimos\u201d, apunt\u00f3.<\/p>\n<p>El analista Francisco Escand\u00f3n dijo a EL TIEMPO que el escenario del coronavirus, y miles de muertes y contagios,<b>\u00a0\u201cest\u00e1 siendo usado maquiav\u00e9licamente por el gobierno de Moreno para imponer las medidas neoliberales condicionadas por el Fondo Monetario Internacional (FMI)\u201d<\/b>.<\/p>\n<p id=\"p497374-m280-7-281\" class=\"contenido\">(Le puede interesar:<a href=\"https:\/\/www.eltiempo.com\/mundo\/latinoamerica\/coronavirus-en-en-brasil-cifra-de-contagios-y-muertos-hoy-19-de-mayo-496998\" target=\"_blank\" rel=\"noopener noreferrer\">\u00a0<b>Brasil se convierte en el tercer pa\u00eds con m\u00e1s casos de covid-19<\/b>)<\/a><\/p>\n<p>Para varios expertos, nadie puede negar la recesi\u00f3n que vive el pa\u00eds, pero se percibe que el fen\u00f3meno de corrupci\u00f3n ha crecido a pasos agigantados y las medidas de gobierno dan pie para que las elites exploten a los trabajadores y evadan contribuciones econ\u00f3micas y se cargue el peso de la crisis a los trabajadores. En ese sentido est\u00e1 causando<b>\u00a0mucha pol\u00e9mica la reducci\u00f3n de 8 a 6 horas laborables para la Rama Ejecutiva, con el consiguiente descenso del ingreso. Los profesores tambi\u00e9n trabajar\u00e1n una hora menos.<\/b><\/p>\n<p>Iv\u00e1n Bastidas, presidente de la Confederaci\u00f3n de Servidores P\u00fablicos del Ecuador, en di\u00e1logo con este diario, rechaz\u00f3 el anuncio y lo calific\u00f3 como una \u201cpropuesta que transgrede los derechos de los trabajadores y desvalorizan el trabajo\u201d.<\/p>\n<p>\u201cNuevamente somos los trabajadores los que tenemos que llevar la carga de la crisis (&#8230;) mientras desayunamos y cenamos mirando los actos de corrupci\u00f3n mediante los cuales se llevan los dineros que jam\u00e1s se recuperan\u201d.<\/p>\n<p>El servicio exterior tambi\u00e9n recibir\u00e1 ajustes, pues se cerrar\u00e1n algunas embajadas y oficinas diplom\u00e1ticas, entre ellas de la Nicaragua, Ir\u00e1n y la representaci\u00f3n en el Parlamento Andino, en Bogot\u00e1, y el regreso al pa\u00eds de 70 diplom\u00e1ticos. La idea ac\u00e1 es ahorrar entre el 10 y el 15 por ciento de los presupuestos en gasto corriente.<br \/>\n<b>\u201cEstos son recursos que se destinan a seguir salvando vidas, a proteger a los m\u00e1s vulnerables y reactivar la econom\u00eda<\/b>\u201d, concluy\u00f3 el mandatario.<\/p>\n<p>Fuente y Fotograf\u00eda: eltiempo.com- EFE<\/p>\n","protected":false},"excerpt":{"rendered":"<p>El gobierno del presidente ecuatoriano, Len\u00edn Moreno, recortar\u00e1 cuatro mil millones de d\u00f3lares del gasto p\u00fablico como medida para enfrentar el abismo econ\u00f3mico que vive su pa\u00eds y la pandemia del coronavirus, lo que implica un \u2018paquetazo\u2019 de duras medidas para uno de los pa\u00edses latinoamericanos m\u00e1s afectados por la crisis sanitaria: 2.839 fallecidos oficiales, [&hellip;]<\/p>\n","protected":false},"author":1,"featured_media":0,"comment_status":"closed","ping_status":"closed","sticky":false,"template":"","format":"standard","meta":{"footnotes":""},"categories":[85],"tags":[11029,701,11298,654,3707,11299],"class_list":["post-27555","post","type-post","status-publish","format-standard","hentry","category-internacional","tag-covid19","tag-ecuador","tag-fin-de-subsidio-de-gasolina","tag-internacional","tag-lenin-moreno","tag-medidas-economicas"],"_links":{"self":[{"href":"https:\/\/radionoticiascasanare.com\/inicio\/wp-json\/wp\/v2\/posts\/27555","targetHints":{"allow":["GET"]}}],"collection":[{"href":"https:\/\/radionoticiascasanare.com\/inicio\/wp-json\/wp\/v2\/posts"}],"about":[{"href":"https:\/\/radionoticiascasanare.com\/inicio\/wp-json\/wp\/v2\/types\/post"}],"author":[{"embeddable":true,"href":"https:\/\/radionoticiascasanare.com\/inicio\/wp-json\/wp\/v2\/users\/1"}],"replies":[{"embeddable":true,"href":"https:\/\/radionoticiascasanare.com\/inicio\/wp-json\/wp\/v2\/comments?post=27555"}],"version-history":[{"count":0,"href":"https:\/\/radionoticiascasanare.com\/inicio\/wp-json\/wp\/v2\/posts\/27555\/revisions"}],"wp:attachment":[{"href":"https:\/\/radionoticiascasanare.com\/inicio\/wp-json\/wp\/v2\/media?parent=27555"}],"wp:term":[{"taxonomy":"category","embeddable":true,"href":"https:\/\/radionoticiascasanare.com\/inicio\/wp-json\/wp\/v2\/categories?post=27555"},{"taxonomy":"post_tag","embeddable":true,"href":"https:\/\/radionoticiascasanare.com\/inicio\/wp-json\/wp\/v2\/tags?post=27555"}],"curies":[{"name":"wp","href":"https:\/\/api.w.org\/{rel}","templated":true}]}}