{"id":28237,"date":"2020-06-09T04:24:48","date_gmt":"2020-06-09T09:24:48","guid":{"rendered":"https:\/\/radionoticiascasanare.com\/inicio\/?p=28237"},"modified":"2020-06-09T04:24:48","modified_gmt":"2020-06-09T09:24:48","slug":"en-allanamiento-a-residencia-en-mani-casanare-policia-nacional-captura-a-dos-sujetos","status":"publish","type":"post","link":"https:\/\/radionoticiascasanare.com\/inicio\/en-allanamiento-a-residencia-en-mani-casanare-policia-nacional-captura-a-dos-sujetos\/","title":{"rendered":"En allanamiento a residencia en Man\u00ed &#8211; Casanare, Polic\u00eda Nacional captura a dos sujetos"},"content":{"rendered":"<p><img fetchpriority=\"high\" decoding=\"async\" class=\"size-medium wp-image-28238 alignleft\" src=\"https:\/\/radionoticiascasanare.com\/inicio\/wp-content\/uploads\/2020\/06\/capturados-en-mani-con-armas-262x192.jpg\" alt=\"\" width=\"262\" height=\"192\" \/>Dos hombres fueron capturados en la vereda Matepi\u00f1a de Man\u00ed, Casanare, por el delito de tr\u00e1fico, fabricaci\u00f3n o porte de armas de fuego tras una diligencia de allanamiento realizada por la SIJ\u00cdN, en coordinaci\u00f3n con la Fiscal\u00eda 6 Local.<\/p>\n<p>Uno de ellos de los privados de la libertad, un hombre de 43 a\u00f1os de edad, oriundo de Arauca conocido por las autoridades con el alias de \u201cGuatavita\u201d, quien registra antecedentes por los delitos de extorsi\u00f3n y hurto calificado y agravado.<\/p>\n<p>El otro capturado, de 32 a\u00f1os de edad, oriundo de San Andr\u00e9s de Sotavento, C\u00f3rdoba era conocido con el alias \u201cCamilo\u201d junto con alias Guatavita se les hall\u00f3 en su poder un arma de fuego con munici\u00f3n, al parecer con el que pretend\u00edan adelantar diferentes acciones delictivas.<\/p>\n<p>Este resultado se logra gracias al apoyo t\u00e9cnico cient\u00edfico y de bal\u00edstica del grupo de criminal\u00edstica de la Sij\u00edn de la Polic\u00eda Casanare.<\/p>\n<p>Fuente y Fotograf\u00eda Radio Noticias Casanare<\/p>\n","protected":false},"excerpt":{"rendered":"<p>Dos hombres fueron capturados en la vereda Matepi\u00f1a de Man\u00ed, Casanare, por el delito de tr\u00e1fico, fabricaci\u00f3n o porte de armas de fuego tras una diligencia de allanamiento realizada por la SIJ\u00cdN, en coordinaci\u00f3n con la Fiscal\u00eda 6 Local. Uno de ellos de los privados de la libertad, un hombre de 43 a\u00f1os de edad, [&hellip;]<\/p>\n","protected":false},"author":1,"featured_media":0,"comment_status":"closed","ping_status":"closed","sticky":false,"template":"","format":"standard","meta":{"footnotes":""},"categories":[2,66,27,8492,8493],"tags":[3384,359,3,108,11690,269,207,238],"class_list":["post-28237","post","type-post","status-publish","format-standard","hentry","category-casanare","category-destacadas","category-judicial","category-noticias-casanare","category-noticias-de-casanare","tag-arma-de-fuego","tag-captura","tag-casanare","tag-extorsion","tag-hurto-calificado","tag-mani","tag-policia-casanare","tag-radio-noticias-casanare"],"_links":{"self":[{"href":"https:\/\/radionoticiascasanare.com\/inicio\/wp-json\/wp\/v2\/posts\/28237","targetHints":{"allow":["GET"]}}],"collection":[{"href":"https:\/\/radionoticiascasanare.com\/inicio\/wp-json\/wp\/v2\/posts"}],"about":[{"href":"https:\/\/radionoticiascasanare.com\/inicio\/wp-json\/wp\/v2\/types\/post"}],"author":[{"embeddable":true,"href":"https:\/\/radionoticiascasanare.com\/inicio\/wp-json\/wp\/v2\/users\/1"}],"replies":[{"embeddable":true,"href":"https:\/\/radionoticiascasanare.com\/inicio\/wp-json\/wp\/v2\/comments?post=28237"}],"version-history":[{"count":0,"href":"https:\/\/radionoticiascasanare.com\/inicio\/wp-json\/wp\/v2\/posts\/28237\/revisions"}],"wp:attachment":[{"href":"https:\/\/radionoticiascasanare.com\/inicio\/wp-json\/wp\/v2\/media?parent=28237"}],"wp:term":[{"taxonomy":"category","embeddable":true,"href":"https:\/\/radionoticiascasanare.com\/inicio\/wp-json\/wp\/v2\/categories?post=28237"},{"taxonomy":"post_tag","embeddable":true,"href":"https:\/\/radionoticiascasanare.com\/inicio\/wp-json\/wp\/v2\/tags?post=28237"}],"curies":[{"name":"wp","href":"https:\/\/api.w.org\/{rel}","templated":true}]}}