{"id":28452,"date":"2020-06-16T12:05:00","date_gmt":"2020-06-16T17:05:00","guid":{"rendered":"https:\/\/radionoticiascasanare.com\/inicio\/?p=28452"},"modified":"2020-06-16T12:05:00","modified_gmt":"2020-06-16T17:05:00","slug":"aumenta-la-inseguridad-en-el-barrio-brisas-del-usivar-en-yopal","status":"publish","type":"post","link":"https:\/\/radionoticiascasanare.com\/inicio\/aumenta-la-inseguridad-en-el-barrio-brisas-del-usivar-en-yopal\/","title":{"rendered":"Aumenta la inseguridad en el barrio Brisas del Usivar en Yopal"},"content":{"rendered":"<div><img fetchpriority=\"high\" decoding=\"async\" class=\"wp-image-28453 size-medium alignleft\" src=\"https:\/\/radionoticiascasanare.com\/inicio\/wp-content\/uploads\/2020\/06\/brisas-del-cravp-scaled-e1592327089979-313x192.jpg\" alt=\"\" width=\"313\" height=\"192\" \/>Comunidad del barrio Brisas del Usivar denunci\u00f3 incremento de j\u00f3venes consumidores a orillas del ca\u00f1o Usivar, situaci\u00f3n que tiene cansados a los habitantes de este sector y barrios aleda\u00f1os debido a que se est\u00e1 convirtiendo en foco de inseguridad.<\/div>\n<div><\/div>\n<div>Carlos Rojas, vicepresidente del barrio Brisas del Usivar manifest\u00f3 que la cercan\u00eda del ca\u00f1o con los barrios se ha convertido en la mayor problem\u00e1tica pues es all\u00ed en los matorrales y barrancos del canal donde se esconden los j\u00f3venes \u00a0a consumir estupefacientes y luego salen en busca de v\u00edctimas para poderlas atracar.<\/div>\n<div><\/div>\n<div>El l\u00edder comunal se\u00f1al\u00f3 que los delincuentes no tienen horario y que la ola de hurtos y atracos con arma blanca se presentan en la ma\u00f1ana, tarde o noche, donde las m\u00e1s afectadas siempre han sido las mujeres pues les arrebatan sus bolsos sin ninguna compasi\u00f3n.<\/div>\n<div><\/div>\n<div>Agreg\u00f3 el l\u00edder que es tan preocupante la situaci\u00f3n que sobre las 6 de la tarde ya todos se resguardan en sus viviendas y evitan salir a las calles para evitar ser blanco de la delincuencia, adem\u00e1s porque en el sector hace falta iluminaci\u00f3n y no cuentan con c\u00e1maras de seguridad.<\/div>\n<div><\/div>\n<p>Carlos Rojas, hizo un llamado a la Administraci\u00f3n Municipal, Ej\u00e9rcito, Polic\u00eda y Fiscal\u00eda para que tomen acciones conjuntas en aras de brindar tranquilidad a los residentes de estos barrios que se sienten atemorizados.<\/p>\n<p>Fuente y Fotograf\u00eda Radio Noticias Casanare<\/p>\n","protected":false},"excerpt":{"rendered":"<p>Comunidad del barrio Brisas del Usivar denunci\u00f3 incremento de j\u00f3venes consumidores a orillas del ca\u00f1o Usivar, situaci\u00f3n que tiene cansados a los habitantes de este sector y barrios aleda\u00f1os debido a que se est\u00e1 convirtiendo en foco de inseguridad. Carlos Rojas, vicepresidente del barrio Brisas del Usivar manifest\u00f3 que la cercan\u00eda del ca\u00f1o con los [&hellip;]<\/p>\n","protected":false},"author":1,"featured_media":0,"comment_status":"closed","ping_status":"closed","sticky":false,"template":"","format":"standard","meta":{"footnotes":""},"categories":[2,66,27,8492,8493],"tags":[11781,3,150,50,390,207,238,16],"class_list":["post-28452","post","type-post","status-publish","format-standard","hentry","category-casanare","category-destacadas","category-judicial","category-noticias-casanare","category-noticias-de-casanare","tag-barrio-brisas-del-cravo","tag-casanare","tag-ejercito","tag-fiscalia","tag-inseguridad","tag-policia-casanare","tag-radio-noticias-casanare","tag-yopal"],"_links":{"self":[{"href":"https:\/\/radionoticiascasanare.com\/inicio\/wp-json\/wp\/v2\/posts\/28452","targetHints":{"allow":["GET"]}}],"collection":[{"href":"https:\/\/radionoticiascasanare.com\/inicio\/wp-json\/wp\/v2\/posts"}],"about":[{"href":"https:\/\/radionoticiascasanare.com\/inicio\/wp-json\/wp\/v2\/types\/post"}],"author":[{"embeddable":true,"href":"https:\/\/radionoticiascasanare.com\/inicio\/wp-json\/wp\/v2\/users\/1"}],"replies":[{"embeddable":true,"href":"https:\/\/radionoticiascasanare.com\/inicio\/wp-json\/wp\/v2\/comments?post=28452"}],"version-history":[{"count":0,"href":"https:\/\/radionoticiascasanare.com\/inicio\/wp-json\/wp\/v2\/posts\/28452\/revisions"}],"wp:attachment":[{"href":"https:\/\/radionoticiascasanare.com\/inicio\/wp-json\/wp\/v2\/media?parent=28452"}],"wp:term":[{"taxonomy":"category","embeddable":true,"href":"https:\/\/radionoticiascasanare.com\/inicio\/wp-json\/wp\/v2\/categories?post=28452"},{"taxonomy":"post_tag","embeddable":true,"href":"https:\/\/radionoticiascasanare.com\/inicio\/wp-json\/wp\/v2\/tags?post=28452"}],"curies":[{"name":"wp","href":"https:\/\/api.w.org\/{rel}","templated":true}]}}