{"id":28895,"date":"2020-07-08T04:46:43","date_gmt":"2020-07-08T09:46:43","guid":{"rendered":"https:\/\/radionoticiascasanare.com\/inicio\/?p=28895"},"modified":"2020-07-08T04:46:43","modified_gmt":"2020-07-08T09:46:43","slug":"juez-ordena-detencion-intramural-contra-integrante-de-la-banda-los-amarrados-que-delinque-en-guaviare","status":"publish","type":"post","link":"https:\/\/radionoticiascasanare.com\/inicio\/juez-ordena-detencion-intramural-contra-integrante-de-la-banda-los-amarrados-que-delinque-en-guaviare\/","title":{"rendered":"Juez ordena detenci\u00f3n intramural contra integrante de la Banda Los Amarrados que delinque en Guaviare"},"content":{"rendered":"<p><img decoding=\"async\" class=\"wp-image-13029 size-medium alignleft\" src=\"https:\/\/radionoticiascasanare.com\/inicio\/wp-content\/uploads\/2017\/08\/fiscal\u00eda-143x192.png\" alt=\"\" width=\"143\" height=\"192\" \/>Eimar Fabi\u00e1n Cu\u00e9llar Agudelo, uno de los presuntos responsables del hurto ocurrido a una finca ubicada en la Vereda El Retiro, \u00e1rea rural de San Jos\u00e9 del Guaviare, Guaviare, y a un establecimiento comercial de la misma ciudad, en hechos ocurridos el 23 y 24 de agosto de 2019 fue enviado a la c\u00e1rcel por solicitud de la Fiscal\u00eda.<\/p>\n<p>Los hechos se habr\u00edan presentado cuando el detenido, en compa\u00f1\u00eda de otras 2 personas capturadas en flagrancia, irrumpieron en la finca donde al parecer amarraron, golpearon y sedaron a la pareja due\u00f1a del predio para hurtar joyas, relojes de marca, prendas de vestir y dinero en efectivo, tras ser intimidados con arma de fuego y un arma cortopunzante.<\/p>\n<p>Seg\u00fan la investigaci\u00f3n de la Fiscal\u00eda, luego del hurto a la finca, los tres hombres se desplazaron hasta un establecimiento comercial, de propiedad de las v\u00edctimas, ubicado en la zona urbana de la ciudad de San Jos\u00e9 del Guaviare, donde se encontraba el hijo de la pareja, a quien tambi\u00e9n tambi\u00e9n habr\u00edan amenazado, amarrado y golpeado para llevarse los objetos de valor y dinero en efectivo que encontraron all\u00ed.<\/p>\n<p>El ente investigador evidenci\u00f3 que los presuntos integrantes de la banda delincuencial denominada Los Amarrados habr\u00edan hurtado, entre objetos y dinero en efectivo, en estos 2 lugares, por un valor entre 15 y 20 millones de pesos.<\/p>\n<p>La detenci\u00f3n mediante orden judicial de Cu\u00e9llar Agudelo, quien hab\u00eda huido y ser\u00eda el l\u00edder del grupo delincuencial, fue materializada por investigadores de la Sijin de la Polic\u00eda Nacional, en coordinaci\u00f3n con la Fiscal\u00eda, en v\u00eda p\u00fablica de San jos\u00e9 del Guaviare.<\/p>\n<p>Ante el Juzgado 1\u00b0 Penal Municipal con funci\u00f3n de control de garant\u00edas fue presentado el detenido para su judicializaci\u00f3n, donde la Fiscal\u00eda le imput\u00f3 cargos por los delitos de fabricaci\u00f3n, tr\u00e1fico y\/o porte ilegal de armas de fuego en concurso homog\u00e9neo, heretog\u00e9neo y sucesivo con el delito de hurto calificado, los cuales no fueron aceptados.<\/p>\n<p>Ante la decisi\u00f3n del juez, la Fiscal\u00eda solicit\u00f3 a las autoridades penitenciarias y de salud revisar el estado m\u00e9dico del capturado y garantizar que est\u00e9 en buenas condiciones antes de realizar su traslado al lugar de detenci\u00f3n.<\/p>\n<p>Fuente y Fotograf\u00eda Radio Noticias Casanare<\/p>\n","protected":false},"excerpt":{"rendered":"<p>Eimar Fabi\u00e1n Cu\u00e9llar Agudelo, uno de los presuntos responsables del hurto ocurrido a una finca ubicada en la Vereda El Retiro, \u00e1rea rural de San Jos\u00e9 del Guaviare, Guaviare, y a un establecimiento comercial de la misma ciudad, en hechos ocurridos el 23 y 24 de agosto de 2019 fue enviado a la c\u00e1rcel por [&hellip;]<\/p>\n","protected":false},"author":1,"featured_media":0,"comment_status":"closed","ping_status":"closed","sticky":false,"template":"","format":"standard","meta":{"footnotes":""},"categories":[66,27],"tags":[497,50,1273,363,277,488,238,500],"class_list":["post-28895","post","type-post","status-publish","format-standard","hentry","category-destacadas","category-judicial","tag-fabricacion","tag-fiscalia","tag-guaviare","tag-hurto","tag-judicial","tag-porte-de-armas","tag-radio-noticias-casanare","tag-trafico"],"_links":{"self":[{"href":"https:\/\/radionoticiascasanare.com\/inicio\/wp-json\/wp\/v2\/posts\/28895","targetHints":{"allow":["GET"]}}],"collection":[{"href":"https:\/\/radionoticiascasanare.com\/inicio\/wp-json\/wp\/v2\/posts"}],"about":[{"href":"https:\/\/radionoticiascasanare.com\/inicio\/wp-json\/wp\/v2\/types\/post"}],"author":[{"embeddable":true,"href":"https:\/\/radionoticiascasanare.com\/inicio\/wp-json\/wp\/v2\/users\/1"}],"replies":[{"embeddable":true,"href":"https:\/\/radionoticiascasanare.com\/inicio\/wp-json\/wp\/v2\/comments?post=28895"}],"version-history":[{"count":0,"href":"https:\/\/radionoticiascasanare.com\/inicio\/wp-json\/wp\/v2\/posts\/28895\/revisions"}],"wp:attachment":[{"href":"https:\/\/radionoticiascasanare.com\/inicio\/wp-json\/wp\/v2\/media?parent=28895"}],"wp:term":[{"taxonomy":"category","embeddable":true,"href":"https:\/\/radionoticiascasanare.com\/inicio\/wp-json\/wp\/v2\/categories?post=28895"},{"taxonomy":"post_tag","embeddable":true,"href":"https:\/\/radionoticiascasanare.com\/inicio\/wp-json\/wp\/v2\/tags?post=28895"}],"curies":[{"name":"wp","href":"https:\/\/api.w.org\/{rel}","templated":true}]}}