{"id":29045,"date":"2020-07-14T08:28:07","date_gmt":"2020-07-14T13:28:07","guid":{"rendered":"https:\/\/radionoticiascasanare.com\/inicio\/?p=29045"},"modified":"2020-07-14T08:28:07","modified_gmt":"2020-07-14T13:28:07","slug":"administracion-departamental-realiza-seguimiento-a-planes-de-alternancia-planteado-por-las-instituciones-educativas-de-casanare","status":"publish","type":"post","link":"https:\/\/radionoticiascasanare.com\/inicio\/administracion-departamental-realiza-seguimiento-a-planes-de-alternancia-planteado-por-las-instituciones-educativas-de-casanare\/","title":{"rendered":"Administraci\u00f3n departamental realiza seguimiento a planes de alternancia planteado por las instituciones educativas de Casanare"},"content":{"rendered":"<div>\n<div><img fetchpriority=\"high\" decoding=\"async\" class=\" wp-image-29051 alignleft\" src=\"https:\/\/radionoticiascasanare.com\/inicio\/wp-content\/uploads\/2020\/07\/WhatsApp-Image-2020-07-14-at-8.25.42-AM-136x192.jpeg\" alt=\"\" width=\"221\" height=\"312\" \/>Reuni\u00f3n virtual con los alcaldes de los municipios del Departamento y secretarios de Desarrollo Comunitario para hacer seguimiento al avance en la formulaci\u00f3n de los Planes de Alternancia Educativa, para que los estudiantes puedan retornar a las actividades escolares en las instituciones acad\u00e9micas que re\u00fanan todas las condiciones, a partir del 01 de agosto, conforme a las directrices que ha impartido el Ministerio de Educaci\u00f3n Nacional, lider\u00f3 Elisabeth Ojeda Rodr\u00edguez, titular de la cartera de Educaci\u00f3n en Casanare.<\/div>\n<div><\/div>\n<div>Explic\u00f3 la funcionaria que la tarea de consolidar Planes de Alternancia involucra la implementaci\u00f3n de protocolos de bioseguridad, que respondan a la necesidad de garantizar la salud y vida de la comunidad educativa, a trav\u00e9s de la mitigaci\u00f3n de la transmisi\u00f3n del Coronavirus COVID-19.<\/div>\n<div><\/div>\n<div>Hasta la fecha, el 75% de las instituciones educativas del Departamento han reportado el Plan de Alternancia, donde establecen condiciones b\u00e1sicas para regresar a las aulas de clase.<\/div>\n<div><\/div>\n<div>\u201cFue necesario realizar una reuni\u00f3n con los mandatarios locales, en el entendido de que a pesar que se cuente con los Planes de Alternancia, son ellos quienes a trav\u00e9s del Comit\u00e9 de Gesti\u00f3n del Riesgo Municipal, podr\u00edan definir si van a regresar o no a las actividades escolares. Cada autoridad municipal debe decidir y valorar la condici\u00f3n de riesgo, para determinar si se va a sacar de la cuarentena a tan importante poblaci\u00f3n, con ello avalar o no esos Planes\u201d, manifest\u00f3 Ojeda Rodr\u00edguez.<\/div>\n<div><\/div>\n<div>Aclar\u00f3 la secretar\u00eda que, \u201cel Ministerio de Educaci\u00f3n concedi\u00f3 el tiempo para surtir este proceso y ha propuesto este modelo que no debe tomarse como una camisa de fuerza y tampoco es obligatorio; por el contrario, se trata de un tema en el que cada autoridad municipal debe valorar y considerar si se cumplen las condiciones para retornar\u201d.<\/div>\n<div><\/div>\n<div>Los Planes de Alternancia se convierten en una estrategia educativa, que contemplan el desarrollo de actividades escolares presenciales con a distancia y de educaci\u00f3n virtual (trabajo en casa), que deben ser formulados por cada instituci\u00f3n educativa y en los que se consigna de qu\u00e9 manera regresar\u00edan los ni\u00f1os, ni\u00f1as y j\u00f3venes a \u00a0las aulas de clase, con el fin de fortalecer su ejercicio de formaci\u00f3n.<\/div>\n<div><\/div>\n<div>\u201cEso implica que los Planes de Alternancia no solamente deben tener una adecuaci\u00f3n curricular o pedag\u00f3gica, sino que adicionalmente deben contar con un soporte en lo que hemos denominado el protocolo de bioseguridad, para que los estudiantes permanezcan en buenas condiciones de salud y no tengamos riesgos en ese aspecto. Sin el componente de salud no se podr\u00eda aplicar el mismo\u201d, anot\u00f3 Elisabeth Ojeda Rodr\u00edguez.<\/div>\n<div><\/div>\n<\/div>\n<div>\n<div dir=\"ltr\">\n<div dir=\"ltr\">\n<div dir=\"ltr\">\n<div dir=\"ltr\">\n<div dir=\"ltr\">\n<div dir=\"ltr\">\n<div dir=\"ltr\">\n<div dir=\"ltr\">\n<div dir=\"ltr\">\n<div dir=\"ltr\">Fuente y Fotograf\u00eda Gobernaci\u00f3n de Casanare<\/div>\n<\/div>\n<\/div>\n<\/div>\n<\/div>\n<\/div>\n<\/div>\n<\/div>\n<\/div>\n<\/div>\n<\/div>\n","protected":false},"excerpt":{"rendered":"<p>Reuni\u00f3n virtual con los alcaldes de los municipios del Departamento y secretarios de Desarrollo Comunitario para hacer seguimiento al avance en la formulaci\u00f3n de los Planes de Alternancia Educativa, para que los estudiantes puedan retornar a las actividades escolares en las instituciones acad\u00e9micas que re\u00fanan todas las condiciones, a partir del 01 de agosto, conforme [&hellip;]<\/p>\n","protected":false},"author":1,"featured_media":0,"comment_status":"closed","ping_status":"closed","sticky":false,"template":"","format":"standard","meta":{"footnotes":""},"categories":[2,66,8492,8493,132,9680,2280],"tags":[3,10868,11029,713,11035,11991,6532,238],"class_list":["post-29045","post","type-post","status-publish","format-standard","hentry","category-casanare","category-destacadas","category-noticias-casanare","category-noticias-de-casanare","category-orinoquia","category-region","category-salud","tag-casanare","tag-coronavirus","tag-covid19","tag-instituciones-educativas","tag-pandemia","tag-planes-de-alternancia","tag-protocolos-de-bioseguridad","tag-radio-noticias-casanare"],"_links":{"self":[{"href":"https:\/\/radionoticiascasanare.com\/inicio\/wp-json\/wp\/v2\/posts\/29045","targetHints":{"allow":["GET"]}}],"collection":[{"href":"https:\/\/radionoticiascasanare.com\/inicio\/wp-json\/wp\/v2\/posts"}],"about":[{"href":"https:\/\/radionoticiascasanare.com\/inicio\/wp-json\/wp\/v2\/types\/post"}],"author":[{"embeddable":true,"href":"https:\/\/radionoticiascasanare.com\/inicio\/wp-json\/wp\/v2\/users\/1"}],"replies":[{"embeddable":true,"href":"https:\/\/radionoticiascasanare.com\/inicio\/wp-json\/wp\/v2\/comments?post=29045"}],"version-history":[{"count":0,"href":"https:\/\/radionoticiascasanare.com\/inicio\/wp-json\/wp\/v2\/posts\/29045\/revisions"}],"wp:attachment":[{"href":"https:\/\/radionoticiascasanare.com\/inicio\/wp-json\/wp\/v2\/media?parent=29045"}],"wp:term":[{"taxonomy":"category","embeddable":true,"href":"https:\/\/radionoticiascasanare.com\/inicio\/wp-json\/wp\/v2\/categories?post=29045"},{"taxonomy":"post_tag","embeddable":true,"href":"https:\/\/radionoticiascasanare.com\/inicio\/wp-json\/wp\/v2\/tags?post=29045"}],"curies":[{"name":"wp","href":"https:\/\/api.w.org\/{rel}","templated":true}]}}